{"id":993,"date":"2017-09-12T21:30:08","date_gmt":"2017-09-13T04:30:08","guid":{"rendered":"http:\/\/www.casalcatalalosangeles.org\/?p=993"},"modified":"2024-08-08T13:28:47","modified_gmt":"2024-08-08T20:28:47","slug":"informacio-vot-exterior","status":"publish","type":"post","link":"https:\/\/misideas.net\/?p=993","title":{"rendered":"INFORMACI\u00d3 VOT EXTERIOR"},"content":{"rendered":"<h3><strong>Benvolgut\/da,<br \/>\nTenint en compte l&#8217;aflu\u00e8ncia de preguntes rebudes a les b\u00fasties de <a href=\"mailto:votexterior@referendum.cat\" target=\"_blank\" rel=\"noopener\" data-cke-saved-href=\"mailto:votexterior@referendum.cat\">votexterior@referendum.cat<\/a> i <a href=\"mailto:registrecatalans.exteriors@gencat.cat\" target=\"_blank\" rel=\"noopener\" data-cke-saved-href=\"mailto:registrecatalans.exteriors@gencat.cat\">registrecatalans.exteriors@gencat.cat<\/a>, us preguem que llegiu atentament la informaci\u00f3 que us proporcionem en aquest&nbsp;correu electr\u00f2nic i nom\u00e9s envieu consultes&nbsp;a les adreces esmentades en el cas que les vostres preguntes no estiguin resoltes aqu\u00ed .<br \/>\nTamb\u00e9 heu d&#8217;escriure en el cas que us&nbsp;sigui necessari informar que heu exhaurit els 4 intents o b\u00e9 si&nbsp;necessiteu un certificat d&#8217;inscripci\u00f3 al Registre per validar les vostres dades.<br \/>\nMoltes gr\u00e0cies per la vostra col\u00b7laborar.<\/p>\n<p><\/strong><strong>VOT EXTERIOR REFER\u00c8NDUM 1-O<\/strong><br \/>\n<strong>PREGUNTES M\u00c9S FREQ\u00dcENTS<\/strong><\/h3>\n<p><strong>1. Qui forma part del cens electoral per al vot a l\u2019exterior?&nbsp;<\/strong>Formen part del cens per al vot a l\u2019exterior aquelles persones que compleixen la condici\u00f3 pol\u00edtica de catal\u00e0\/na i que resideixen permanentment a l\u2019exterior i estan inscrits al Cens d\u2019espanyols residents absents (CERA) i al <strong>Registre de catalans residents a l\u2019exterior<\/strong>.D\u2019altra banda, \u00e9s imprescindible que tinguin 18 anys o m\u00e9s el dia 1 d\u2019octubre de 2017.<\/p>\n<p><strong>2.<\/strong>&nbsp;<strong>Quan s&#8217;ha tancat el cens electoral dels catalans residents a l&#8217;exterior?&nbsp;<\/strong>El cens <strong>es va tancar el dia 6 de setembre<\/strong> en el moment de la signatura del Decret 139\/2017, de 6 de setembre, de convocat\u00f2ria del Refer\u00e8ndum d&#8217;Autodeterminaci\u00f3 de Catalunya.<br \/>\n<strong>Per tant, aquells que hagin rebut la confirmaci\u00f3 d\u2019inscripci\u00f3 al Registre de catalans residents a l\u2019exterior abans del 7 de setembre, formen part del cens per al Refer\u00e8ndum.<\/strong><\/p>\n<p><strong>3. Estic inscrit al Registre de catalans residents a l\u2019exterior abans del 7 de setembre per\u00f2 no he rebut la informaci\u00f3 electoral.&nbsp;<\/strong>Si esteu inscrit al Registre de catalans residents a l\u2019exterior abans del 7 de setembre i no heu rebut el correu electr\u00f2nic amb la informaci\u00f3 electoral, pot ser per <strong>dos motiu:<\/strong><br \/>\n1r. Perqu\u00e8 quan us v\u00e0reu inscriure ho v\u00e0reu fer sense informar d\u2019una adre\u00e7a de correu electr\u00f2nic.<br \/>\n2n. Perqu\u00e8 <strong><u>quan us v\u00e0reu inscriure v\u00e0reu informar d\u2019una adre\u00e7a electr\u00f2nica que no \u00e9s unipersonal<\/u><\/strong>, <strong><u>\u00e9s a dir, que m\u00e9s d\u20191 persona inscrita al Registre disposa d\u2019aquesta mateixa adre\u00e7a de correu electr\u00f2nic<\/u><\/strong>.<br \/>\n<strong>Si no vau facilitar la vostra adre\u00e7a electr\u00f2nica o aquesta no era unipersonal caldr\u00e0 que contacteu amb el Registre de catalans residents a l\u2019exterior (<a href=\"mailto:registrecatalans.exteriors@gencat.cat\" target=\"_blank\" rel=\"noopener\" data-cke-saved-href=\"mailto:registrecatalans.exteriors@gencat.cat\">registrecatalans.exteriors@gencat.cat<\/a>) urgentment,&nbsp;annexant una c\u00f2pia del vostre DNI o passaport i fent constar la vostra adre\u00e7a de correu electr\u00f2nic.<\/strong><\/p>\n<p><strong>4. He rebut el correu electr\u00f2nic i he accedit a la pantalla de validaci\u00f3 de dades per\u00f2, despr\u00e9s d\u20191 intent se m\u2019ha bloquejat, qu\u00e8 puc fer?<\/strong>Us recomanem que canvieu de navegador (feu servir, preferentment, Chrome i Mozilla) i proveu de validar novament les vostres dades.<\/p>\n<p><strong>5. He rebut el correu electr\u00f2nic i he accedit a la pantalla de validaci\u00f3 de dades per\u00f2, despr\u00e9s de 4 intents se m\u2019ha bloquejat, qu\u00e8 puc fer?<\/strong>&nbsp;&nbsp;Si es bloqueja la p\u00e0gina despr\u00e9s dels 4 intents, heu de tenir en compte que les dades de validaci\u00f3 de la identitat s\u2019han de correspondre a les que v\u00e0reu facilitar al Registre de catalans residents a l\u2019exterior. Per tant, si no recordeu aquesta informaci\u00f3 amb exactitud, cal que feu el seg\u00fcent:<br \/>\nSi heu superat els quatre intents, contacteu urgentment amb el <a href=\"mailto:registrecatalans.exteriors@gencat.cat\" target=\"_blank\" rel=\"noopener\" data-cke-saved-href=\"mailto:registrecatalans.exteriors@gencat.cat\">registrecatalans.exteriors@gencat.cat<\/a> i <strong>sol\u00b7liciteu-los un certificat d\u2019inscripci\u00f3 <\/strong><strong>adjuntant c\u00f2pia escanejada del vostre DNI o passaport.<\/strong><br \/>\n<strong>En el cas que ja hagueu obtingut el certificat d\u2019inscripci\u00f3 al Registre de catalans residents a l\u2019exterior, properament rebreu una nova comunicaci\u00f3 per tal de tornar accedir-hi.<\/strong><\/p>\n<p><strong>6. Visc en un pa\u00eds en el que no existeixen les mides de sobre C4 i C6, quins sobres he d\u2019utilitzar?<\/strong>En les instruccions que heu rebut, consten les mides d\u2019aquests tipus de sobres, per tant, ajusteu-vos tant com us sigui possible a aquestes. S\u00f3n les seg\u00fcents:<\/p>\n<ul>\n<li>Sobre gran format C4 (324 x 229 mm, per introduir un A4).<\/li>\n<li>Sobre petit C6 (114 x 162 mm per introduir un A4 doblat per la meitat i de nou per la meitat).<\/li>\n<\/ul>\n<p>Penseu, especialment, que el sobre petit ha de tenir cabuda dins l\u2019urna el dia 1 d\u2019octubre per poder seguir el procediment que especifica l\u2019article 22.1 del Decret 140\/2017, de 6 de setembre, de normes complement\u00e0ries per a la realitzaci\u00f3 del Refer\u00e8ndum d\u2019Autodeterminaci\u00f3 de Catalunya.<\/p>\n<p><strong>7.&nbsp;Els sobres han de ser d\u2019algun color en concret?<\/strong>&nbsp;No s\u2019especifica el color dels sobres per\u00f2, com sempre, evidentment \u00e9s preferible sobre blanc o similar.<\/p>\n<p><strong>8.&nbsp;Segur que he d\u2019enviar la documentaci\u00f3 electoral a l\u2019adre\u00e7a que consta en les instruccions que he rebut?<\/strong>S\u00ed, no dubteu que heu rebut les instruccions correctes i, per tant, heu d\u2019enviar el sobre amb tota la documentaci\u00f3 que se us requereix a l\u2019adre\u00e7a que hi consta.<\/p>\n<p><strong>9. En cas d\u2019estar inscrit al Registre des del 2014 amb un DNI o Passaport ja caducats, cal que adjunti la fotoc\u00f2pia del passaport\/DNI vell o nou a l\u2019hora de votar?<\/strong><\/p>\n<p>En el moment d&#8217;enviar la documentaci\u00f3 necess\u00e0ria per poder votar, haureu d&#8217;adjuntar la c\u00f2pia d&#8217;aquell DNI o Passaport que heu utilitzat per validar les vostres dades i, per tant, amb el que v\u00e0reu fer la vostra inscripci\u00f3 al Registre, encara que la seva validesa hagi expirat.<\/p>\n<p>Atentament,<br \/>\nGeneralitat de Catalunya<\/p>\n","protected":false},"excerpt":{"rendered":"<p>Benvolgut\/da, Tenint en compte l&#8217;aflu\u00e8ncia de preguntes rebudes a les b\u00fasties de votexterior@referendum.cat i registrecatalans.exteriors@gencat.cat, us preguem que llegiu atentament la informaci\u00f3 que us proporcionem en aquest&nbsp;correu electr\u00f2nic i nom\u00e9s envieu consultes&nbsp;a les adreces esmentades en el cas que les &hellip; <a href=\"https:\/\/misideas.net\/?p=993\">Continue reading <span class=\"meta-nav\">&rarr;<\/span><\/a><\/p>\n","protected":false},"author":3,"featured_media":0,"comment_status":"closed","ping_status":"closed","sticky":false,"template":"","format":"standard","meta":{"footnotes":""},"categories":[21],"tags":[],"class_list":["post-993","post","type-post","status-publish","format-standard","hentry","category-21"],"_links":{"self":[{"href":"https:\/\/misideas.net\/index.php?rest_route=\/wp\/v2\/posts\/993","targetHints":{"allow":["GET"]}}],"collection":[{"href":"https:\/\/misideas.net\/index.php?rest_route=\/wp\/v2\/posts"}],"about":[{"href":"https:\/\/misideas.net\/index.php?rest_route=\/wp\/v2\/types\/post"}],"author":[{"embeddable":true,"href":"https:\/\/misideas.net\/index.php?rest_route=\/wp\/v2\/users\/3"}],"replies":[{"embeddable":true,"href":"https:\/\/misideas.net\/index.php?rest_route=%2Fwp%2Fv2%2Fcomments&post=993"}],"version-history":[{"count":2,"href":"https:\/\/misideas.net\/index.php?rest_route=\/wp\/v2\/posts\/993\/revisions"}],"predecessor-version":[{"id":1526,"href":"https:\/\/misideas.net\/index.php?rest_route=\/wp\/v2\/posts\/993\/revisions\/1526"}],"wp:attachment":[{"href":"https:\/\/misideas.net\/index.php?rest_route=%2Fwp%2Fv2%2Fmedia&parent=993"}],"wp:term":[{"taxonomy":"category","embeddable":true,"href":"https:\/\/misideas.net\/index.php?rest_route=%2Fwp%2Fv2%2Fcategories&post=993"},{"taxonomy":"post_tag","embeddable":true,"href":"https:\/\/misideas.net\/index.php?rest_route=%2Fwp%2Fv2%2Ftags&post=993"}],"curies":[{"name":"wp","href":"https:\/\/api.w.org\/{rel}","templated":true}]}}