{"id":892,"date":"2017-04-22T10:53:50","date_gmt":"2017-04-22T17:53:50","guid":{"rendered":"http:\/\/www.casalcatalalosangeles.org\/?p=892"},"modified":"2024-08-08T13:25:20","modified_gmt":"2024-08-08T20:25:20","slug":"of-books-and-roses-first-california-symposium-on-catalan-studies","status":"publish","type":"post","link":"https:\/\/misideas.net\/?p=892","title":{"rendered":"Of Books and Roses: First California Symposium on Catalan Studies"},"content":{"rendered":"<p><strong><a title=\"FLYER UCLA SANT JORDI\" href=\"https:\/\/gallery.mailchimp.com\/0f12caaf34b681301d56a3924\/files\/06bb46d4-94e3-4122-978f-81fc8d126949\/OfBooksandRoses_program_final.pdf\" target=\"_blank\" rel=\"noopener noreferrer\" data-cke-saved-href=\"https:\/\/gallery.mailchimp.com\/0f12caaf34b681301d56a3924\/files\/06bb46d4-94e3-4122-978f-81fc8d126949\/OfBooksandRoses_program_final.pdf\">https:\/\/gallery.mailchimp.com\/0f12caaf34b681301d56a3924\/files\/06bb46d4-94e3-4122-978f-81fc8d126949\/OfBooksandRoses_program_final.pdf<\/a><br \/>\n(DOWNLOAD FLYER)<\/strong><\/p>\n<p><strong><br \/>\n<\/strong><strong>\u201cOf Books and Roses: First California Symposium on Catalan Studies\u201d<\/strong><\/p>\n<p><strong>April 24-25, 2017, at UCLA<\/strong><\/p>\n<p><strong>\u201cOf Books and Roses:&nbsp; First California Symposium on Catalan Studies\u201d grew from the idea of offering a point of reference on the west coast of the United States for scholars and students interested in Catalan Studies or related areas.&nbsp; This year, we will hear presentations on urban cultures, literary studies focused on exile and historical memory, studies on Catalan phonology and syntax and research on language in digital communications.&nbsp; Participants include speakers from Canada, Catalunya, Colombia and Valencia as well as the United States on the 24th and 25th of April at the University of California, Los Angeles.&nbsp; And so, to be sure, the celebration will be accompanied by books, roses and good conversation.<\/strong><br \/>\n<strong>Nota bene:<\/strong>&nbsp; In keeping with the spirit of the traditional celebration of the Diada de Sant Jordi in Catalunya, attendees at the first day of the symposium will receive the gift of a book and a rose at our afternoon reception.<br \/>\n<strong>All events are free and open to the public.&nbsp; Full program appears below image.&nbsp; Limited seating.<\/strong><br \/>\n&#8211;With the generous support of the UCLA Department of Spanish &amp; Portuguese, the UCLA Center for Medieval and Renaissance Studies, the Institut Ramon Llull, the UCLA Center for European and Russian Studies, the Casal dels Catalans de Calif\u00f2rnia and the UCLA Department of Linguistics.<\/p>\n<p><strong><em>Monday, April 24 &#8211; UCLA Royce Hall Room 306<\/em><\/strong><\/p>\n<p><strong>8:30-9:00<\/strong><br \/>\n<strong>Coffee and Registration<\/strong><\/p>\n<p><strong>9:00-9:15<\/strong><br \/>\n<strong>Welcome&nbsp;&nbsp;&nbsp;&nbsp;&nbsp;&nbsp;&nbsp;&nbsp;&nbsp;&nbsp;&nbsp;&nbsp;&nbsp;&nbsp;&nbsp;&nbsp;&nbsp;&nbsp;&nbsp;&nbsp;&nbsp;&nbsp;&nbsp;&nbsp;&nbsp;&nbsp;&nbsp;&nbsp;&nbsp;&nbsp;&nbsp;&nbsp;&nbsp;&nbsp;&nbsp;&nbsp;&nbsp;&nbsp;&nbsp;&nbsp;&nbsp;&nbsp;&nbsp;&nbsp;&nbsp;&nbsp;&nbsp;&nbsp;&nbsp;&nbsp;&nbsp;&nbsp;&nbsp;&nbsp;&nbsp;&nbsp;&nbsp;&nbsp;&nbsp;&nbsp;&nbsp;&nbsp;&nbsp;&nbsp;&nbsp;&nbsp;&nbsp;&nbsp;&nbsp;&nbsp;&nbsp;&nbsp;&nbsp;&nbsp;&nbsp;&nbsp;&nbsp;&nbsp;&nbsp;&nbsp;&nbsp;&nbsp;&nbsp;&nbsp;&nbsp;&nbsp;&nbsp;&nbsp;&nbsp;&nbsp;&nbsp;&nbsp;&nbsp;&nbsp;&nbsp;&nbsp; <\/strong><br \/>\n\u2014Hector Enrique Calderon Valle, Chair, Department of Spanish &amp; Portuguese, UCLA<br \/>\n\u2014John Dagenais, Professor, Department of Spanish &amp; Portuguese, UCLA<br \/>\n\u2014Gemma Repiso Puigdelliura, Director, Catalan Language Program, Department of Spanish &amp; Portuguese, UCLA<\/p>\n<p><strong>9:15\u201310:45<\/strong><br \/>\n<strong>Session I:&nbsp; Urban Barcelona: Literature and Cultural Representations<\/strong><br \/>\nModerator: Isabel Villanueva (UCLA, Universitat Internacional de Catalunya)<\/p>\n<p>\u201cA la sombra se cobija el amo y se\u00f1or de esta ciudad muerta\u201d: l\u2019urbanisme assass\u00ed de Ciutat morta.<br \/>\n\u2014Alba Marc\u00e9 (University of California, Davis)<br \/>\nLa necessitat i la dificultat de ser tradu\u00eft a l\u2019angl\u00e8s.<br \/>\n\u2014Francesc Borrull (Universitat de Vic)<br \/>\nUn Raval Imaginat.<br \/>\n\u2014Jos\u00e9 Antonio J\u00f3dar S\u00e1nchez (University at Buffalo-SUNY)<\/p>\n<p><strong>10:45-11:00<\/strong><br \/>\n<strong>Coffee Break<\/strong><\/p>\n<p><strong>11:00\u201312:30<\/strong><br \/>\n<strong>Session II:&nbsp; Catalan Syntax and Phonology&nbsp;&nbsp;&nbsp;&nbsp;&nbsp;&nbsp;&nbsp;&nbsp;&nbsp;&nbsp;&nbsp;&nbsp;&nbsp;&nbsp;&nbsp;&nbsp;&nbsp;&nbsp;&nbsp;&nbsp;&nbsp;&nbsp;&nbsp;&nbsp;&nbsp;&nbsp;&nbsp;&nbsp;&nbsp;&nbsp;&nbsp;&nbsp;&nbsp;&nbsp;&nbsp;&nbsp;&nbsp;&nbsp;&nbsp;&nbsp;&nbsp;&nbsp;&nbsp;&nbsp;&nbsp;&nbsp;&nbsp;&nbsp;&nbsp;&nbsp;&nbsp;&nbsp;&nbsp;&nbsp;&nbsp;&nbsp;&nbsp;&nbsp;&nbsp;&nbsp; <\/strong><br \/>\nModerator: Victoria Mateu (UCLA)<\/p>\n<p>Lateral Darkness in Barcelonan Catalan: What Has Become of the ela catalana?<br \/>\n\u2014Justin Davidson (University of California, Berkeley)<br \/>\nNon-Personal Catalan Clitic Pronouns: Language Change in Progress?<br \/>\n\u2014Adriana Soto-Corominas (Western University)<br \/>\nLa restricci\u00f3 dels sintagmes nominals escarits postverbals en els verbs psicol\u00f2gics catalans. Una explicaci\u00f3 des del punt de vista informatiu.<br \/>\n\u2014Carles Royo (Universitat de Barcelona)<\/p>\n<p><strong>12:30\u201313:30<\/strong><br \/>\n<strong>Lunch for Program Participants<\/strong><\/p>\n<p><strong>13:30-15:00<\/strong><br \/>\n<strong>Session III:&nbsp; Catalan Collective Memory: War, Exile and Dictatorship<\/strong><br \/>\nModerator: Elizabeth Warren (UCLA)<\/p>\n<p>Forbidden Behavior and Cultural Spaces in Jordi Grau\u2019s Film A Love Story (1966).<br \/>\n\u2014Hugo Pascual Bord\u00f3n (University South Carolina)<br \/>\n\u201cFugida\u201d y \u201cHomenaje a Catalu\u00f1a\u201d dos relatos testimoniales del exilio y de la huida catalanes durante la Guerra Civil Espa\u00f1ola.<br \/>\n\u2014Carlos Arturo Arias Sanabria (Pontificia Universidad Javeriana)<\/p>\n<p><strong>15:00\u201315:15<\/strong><br \/>\n<strong>Coffee break<\/strong><\/p>\n<p><strong>15:15\u201316:15<\/strong><br \/>\n<strong>Session IV:&nbsp; Communication and Language&nbsp;&nbsp;&nbsp;&nbsp;&nbsp;&nbsp;&nbsp;&nbsp;&nbsp;&nbsp;&nbsp;&nbsp;&nbsp;&nbsp;&nbsp;&nbsp;&nbsp;&nbsp;&nbsp;&nbsp;&nbsp;&nbsp;&nbsp;&nbsp;&nbsp;&nbsp;&nbsp;&nbsp;&nbsp;&nbsp;&nbsp;&nbsp;&nbsp;&nbsp;&nbsp;&nbsp;&nbsp;&nbsp;&nbsp;&nbsp;&nbsp;&nbsp;&nbsp;&nbsp;&nbsp;&nbsp;&nbsp;&nbsp;&nbsp;&nbsp;&nbsp;&nbsp;&nbsp;&nbsp;&nbsp;&nbsp;&nbsp;&nbsp;&nbsp;&nbsp;&nbsp;&nbsp;&nbsp;&nbsp;&nbsp;&nbsp;&nbsp;&nbsp;&nbsp;&nbsp;&nbsp;&nbsp;&nbsp;&nbsp;&nbsp;&nbsp;&nbsp;&nbsp;&nbsp;&nbsp;&nbsp;&nbsp; <\/strong><br \/>\nModerator: Javier Moreno (UCLA)<\/p>\n<p>The Catalan Language and Electronic Communication.<br \/>\n\u2014Anna I. Montesinos L\u00f3pez (Universitat Polit\u00e8cnica de Val\u00e8ncia)<br \/>\nDigitalizaci\u00f3n e internacionalizaci\u00f3n de la cultura catalana: los casos de Opera Oberta y Catalunya M\u00fasica.<br \/>\n\u2014 Isabel Villanueva Benito (UCLA, Universitat Internacional de Catalunya)<\/p>\n<p><strong>16:15-18:00<\/strong><br \/>\n<strong>Sant Jordi Celebration: Books, Roses and Refreshments<\/strong><\/p>\n<p>Poster: What do UCLA students know about Catalan?<br \/>\n\u2014Carla de Aguilar-Amat (UCLA)<\/p>\n<p><strong><em>Tuesday, April 25 &#8211;&nbsp; UCLA Rolfe Hall, Lydeen Library<\/em><\/strong><\/p>\n<p><strong>9:30\u201311:00<\/strong><br \/>\n<strong>Session V:&nbsp; Catalan Syntax and Phonology II&nbsp;&nbsp;&nbsp;&nbsp;&nbsp;&nbsp;&nbsp;&nbsp;&nbsp;&nbsp;&nbsp;&nbsp;&nbsp;&nbsp;&nbsp;&nbsp;&nbsp;&nbsp;&nbsp;&nbsp;&nbsp;&nbsp;&nbsp;&nbsp;&nbsp;&nbsp;&nbsp;&nbsp;&nbsp;&nbsp;&nbsp;&nbsp;&nbsp;&nbsp;&nbsp;&nbsp;&nbsp;&nbsp;&nbsp;&nbsp;&nbsp;&nbsp;&nbsp;&nbsp;&nbsp;&nbsp;&nbsp;&nbsp;&nbsp;&nbsp;&nbsp;&nbsp;&nbsp;&nbsp;&nbsp;&nbsp;&nbsp;&nbsp;&nbsp;&nbsp;&nbsp;&nbsp;&nbsp;&nbsp;&nbsp;&nbsp;&nbsp;&nbsp;&nbsp; <\/strong><br \/>\nModerator: Ji Young Kim (UCLA)<\/p>\n<p>Argument Structure of Nouns in Catalan: A Descriptive Approach.<br \/>\n\u2014Elga Cremades (Masaryk University)<br \/>\nWhat We Don&#8217;t Know about Catalan Pronoun Clusters, and Why We Need to Know It.<br \/>\n\u2014Adriana Soto-Corominas (Western University)<br \/>\nSchwa-Zero Alt[\u0259]rnations Cat[\u0259]lan Singular Determin[\u0259]rs.<br \/>\n\u2014Calvin Cheng (Universit\u00e9 Sorbonne Nouvelle &#8211; Paris 3)<\/p>\n<p><strong>11:00\u201311:30<\/strong><br \/>\n<strong>Coffee break<\/strong><\/p>\n<p><strong>11:30-13:00<\/strong><br \/>\n<strong>Session VI:&nbsp; History, Literature and Culture&nbsp;&nbsp;&nbsp;&nbsp;&nbsp;&nbsp;&nbsp;&nbsp;&nbsp;&nbsp;&nbsp;&nbsp;&nbsp;&nbsp;&nbsp;&nbsp;&nbsp;&nbsp;&nbsp;&nbsp;&nbsp;&nbsp;&nbsp;&nbsp;&nbsp;&nbsp;&nbsp;&nbsp;&nbsp;&nbsp;&nbsp;&nbsp;&nbsp;&nbsp;&nbsp;&nbsp;&nbsp;&nbsp;&nbsp;&nbsp;&nbsp;&nbsp;&nbsp;&nbsp;&nbsp;&nbsp;&nbsp;&nbsp;&nbsp;&nbsp;&nbsp;&nbsp;&nbsp;&nbsp;&nbsp;&nbsp;&nbsp;&nbsp;&nbsp;&nbsp;&nbsp;&nbsp;&nbsp;&nbsp;&nbsp;&nbsp;&nbsp;&nbsp;&nbsp;&nbsp;&nbsp;&nbsp;&nbsp;&nbsp;&nbsp; <\/strong><br \/>\nModerator: John Dagenais (UCLA)<\/p>\n<p>Seasonal Economic Patterns in the Medieval Catalan Pyrenees: The Example of Puigcerd\u00e0 (1321-1322).<br \/>\n\u2014Elizabeth Comuzzi (UCLA)<br \/>\nGrotesque Europeanization in Bigas Luna\u2019s <em>La teta y la luna<\/em>.<br \/>\n\u2014Elizabeth Warren (UCLA)<br \/>\nYearnings, Failures, and the Recuperation of Memory: Re-Writing Gender in Margarita Aritzeta&#8217;s&nbsp; <em>L&#8217;her\u00e8ncia de Cuba<\/em> and in \u00e0ngeles Aymar i Ragolta&#8217;s <em>La indiana<\/em>.<br \/>\n\u2014Jennifer Monti (University of California, Los Angeles)<\/p>\n<p><strong>13:00\u201314:00<\/strong><br \/>\n<strong>Closing Discussion, Remarks and Brindis offered by Prof. Hector Calderon, Chair, Department of Spanish &amp; Portuguese, UCLA<\/strong><\/p>\n<p>Advanced registration not required. No fee. Limited Seating.<br \/>\nMore details at <a href=\"http:\/\/ofbooksandroses.weebly.com\/\" target=\"_blank\" rel=\"noopener noreferrer\" data-saferedirecturl=\"https:\/\/www.google.com\/url?hl=en&amp;q=http:\/\/ofbooksandroses.weebly.com\/&amp;source=gmail&amp;ust=1492966465604000&amp;usg=AFQjCNGR2MPf1flrEqKbEBtzrmBJfr1g1w\" data-cke-saved-href=\"http:\/\/ofbooksandroses.weebly.com\/\"> http:\/\/ofbooksandroses.weebly.com<\/a><\/p>\n","protected":false},"excerpt":{"rendered":"<p>https:\/\/gallery.mailchimp.com\/0f12caaf34b681301d56a3924\/files\/06bb46d4-94e3-4122-978f-81fc8d126949\/OfBooksandRoses_program_final.pdf (DOWNLOAD FLYER) \u201cOf Books and Roses: First California Symposium on Catalan Studies\u201d April 24-25, 2017, at UCLA \u201cOf Books and Roses:&nbsp; First California Symposium on Catalan Studies\u201d grew from the idea of offering a point of reference on the &hellip; <a href=\"https:\/\/misideas.net\/?p=892\">Continue reading <span class=\"meta-nav\">&rarr;<\/span><\/a><\/p>\n","protected":false},"author":3,"featured_media":0,"comment_status":"closed","ping_status":"closed","sticky":false,"template":"","format":"standard","meta":{"footnotes":""},"categories":[21],"tags":[],"class_list":["post-892","post","type-post","status-publish","format-standard","hentry","category-21"],"_links":{"self":[{"href":"https:\/\/misideas.net\/index.php?rest_route=\/wp\/v2\/posts\/892","targetHints":{"allow":["GET"]}}],"collection":[{"href":"https:\/\/misideas.net\/index.php?rest_route=\/wp\/v2\/posts"}],"about":[{"href":"https:\/\/misideas.net\/index.php?rest_route=\/wp\/v2\/types\/post"}],"author":[{"embeddable":true,"href":"https:\/\/misideas.net\/index.php?rest_route=\/wp\/v2\/users\/3"}],"replies":[{"embeddable":true,"href":"https:\/\/misideas.net\/index.php?rest_route=%2Fwp%2Fv2%2Fcomments&post=892"}],"version-history":[{"count":2,"href":"https:\/\/misideas.net\/index.php?rest_route=\/wp\/v2\/posts\/892\/revisions"}],"predecessor-version":[{"id":1520,"href":"https:\/\/misideas.net\/index.php?rest_route=\/wp\/v2\/posts\/892\/revisions\/1520"}],"wp:attachment":[{"href":"https:\/\/misideas.net\/index.php?rest_route=%2Fwp%2Fv2%2Fmedia&parent=892"}],"wp:term":[{"taxonomy":"category","embeddable":true,"href":"https:\/\/misideas.net\/index.php?rest_route=%2Fwp%2Fv2%2Fcategories&post=892"},{"taxonomy":"post_tag","embeddable":true,"href":"https:\/\/misideas.net\/index.php?rest_route=%2Fwp%2Fv2%2Ftags&post=892"}],"curies":[{"name":"wp","href":"https:\/\/api.w.org\/{rel}","templated":true}]}}