{"id":836,"date":"2016-04-30T14:46:05","date_gmt":"2016-04-30T21:46:05","guid":{"rendered":"http:\/\/www.casalcatalalosangeles.org\/?p=836"},"modified":"2024-08-08T13:21:45","modified_gmt":"2024-08-08T20:21:45","slug":"colonies-destiu-per-infants-i-joves-de-la-catalunya-exterior","status":"publish","type":"post","link":"https:\/\/misideas.net\/?p=836","title":{"rendered":"COL\u00d2NIES D&#8217;ESTIU PER INFANTS I JOVES DE LA CATALUNYA EXTERIOR"},"content":{"rendered":"<div>\n<h2 id=\":oa\" tabindex=\"-1\"><strong>Col\u00f2nies d&#8217;estiu per infants i joves de la Catalunya Exterior<\/strong><\/h2>\n<\/div>\n<div id=\":n8\" tabindex=\"-1\"><\/div>\n<div id=\":q5\">\n<div id=\":nr\">\n<div>\n<div>Benvolguts i benvolgudes,<\/p>\n<p>Finalment (disculpeu l\u2019endarreriment), ja us podem avan\u00e7ar l\u2019oferta que l\u2019Ag\u00e8ncia Catalana de Joventut t\u00e9 la gentilesa de fer-nos adre\u00e7ar per incloure els infants i joves (de 8 a 16 anys) residents a l\u2019exterior perqu\u00e8 tinguin l\u2019oportunitat de participar de la campanya d\u2019estades d\u2019estiu que organitza la Generalitat de Catalunya.<\/p>\n<p>Al document que us annexem trobareu tota la informaci\u00f3 relativa a la proposta exclusiva per als catalans de l\u2019exterior (\u00e9s a dir, una estada pensada i adre\u00e7ada perqu\u00e8 catalans d\u2019arreu del m\u00f3n comparteixin un dies en llengua catalana que inclou activitats de car\u00e0cter esportiu a m\u00e9s del refor\u00e7 l\u00fadic en la nostra llengua) per la segona quinzena de juliol (<strong>del 17 al 24 de juliol<\/strong>) a La Molina (Cerdanya).<\/p>\n<p><strong>Com sempre, l\u2019oferta es materialitzar\u00e0 en funci\u00f3 de si la demanda cobreix els m\u00ednims establerts per garantir una m\u00ednima viabilitat de l\u2019estada per part de l\u2019Ag\u00e8ncia Catalana de Joventut. \u00c9s per aquest motiu que us demanem (a les Comunitats Catalanes de l\u2019Exterior, a Catalans al M\u00f3n i a Patufets al M\u00f3n) que feu difusi\u00f3 de la proposta a tots els catalans a l\u2019exterior que tingueu al vostre abast i entorn.<\/strong><\/p>\n<p>Finalment, us recordo que de, manera complement\u00e0ria, l\u2019Ag\u00e8ncia Catalana de Joventut tamb\u00e9 us ofereix la possibilitat d\u2019incorporar els infants i joves de la Catalunya Exterior a tota la resta d\u2019estades del programa l\u2019Estiu \u00e9s teu (podeu accedir a <a href=\"http:\/\/www.estiuesteu.cat\" target=\"_blank\" data-cke-saved-href=\"http:\/\/www.estiuesteu.cat\" rel=\"noopener\">www.estiuesteu.cat<\/a>) que, amb la demanda per part dels ciutadans de Catalunya, ja estan garantits. En el cas que us interessi que els vostres fills es mesclin amb catalans residents a Catalunya, aquesta \u00e9s la vostra opci\u00f3. En el cas que estigueu interessats (el termini d\u2019inscripcions a Catalunya ja est\u00e0 tancat) podeu adre\u00e7ar-vos a <a href=\"mailto:estiuesteu@gencat.cat\" target=\"_blank\" data-cke-saved-href=\"mailto:estiuesteu@gencat.cat\" rel=\"noopener\">estiuesteu@gencat.cat<\/a> per informar-vos i formalitzar les inscripcions.<\/p>\n<p>Esperant que aquestes propostes siguin del vostre inter\u00e8s i agraint la sensibilitat demostrada, com sempre, per la Direcci\u00f3 General de Joventut i l\u2019Ag\u00e8ncia Catalana de Joventut de la Generalitat envers la Catalunya Exterior, us saludo atentament,<\/p>\n<p>NOTA: malgrat que al document apareix, en algun moment, l\u2019edat inicial als 5 anys, les estades s\u00f3n per infants a partir dels 8 anys.<\/p>\n<p>Moltes gr\u00e0cies!<\/p>\n<div id=\":q5\">\n<div id=\":nr\">\n<div>\n<div>\n<div tabindex=\"-1\">\n<div>\nPREMEU AQU\u00ed per veure el PDF<\/div>\n<\/div>\n<\/div>\n<\/div>\n<\/div>\n<\/div>\n<p><a href=\"https:\/\/mail.google.com\/mail\/u\/0\/?ui=2&amp;ik=79606eb0e8&amp;view=att&amp;th=15438c91238b3927&amp;attid=0.1&amp;disp=safe&amp;zw\" target=\"_blank\" data-cke-saved-href=\"https:\/\/mail.google.com\/mail\/u\/0\/?ui=2&amp;ik=79606eb0e8&amp;view=att&amp;th=15438c91238b3927&amp;attid=0.1&amp;disp=safe&amp;zw\" rel=\"noopener\">https:\/\/mail.google.com\/mail\/u\/0\/?ui=2&amp;ik=79606eb0e8&amp;view=att&amp;th=15438c91238b3927&amp;attid=0.1&amp;disp=safe&amp;zw<\/a><\/p>\n<p><img loading=\"lazy\" decoding=\"async\" src=\"https:\/\/mail.google.com\/mail\/u\/0\/?ui=2&amp;ik=79606eb0e8&amp;view=fimg&amp;th=15438c91238b3927&amp;attid=0.0.1&amp;disp=emb&amp;attbid=ANGjdJ-7bsdWqWGWB39WXwG0rPIuxVitF17_ygZgGJ2pMQLfXFOoCBiKuWyz2mweZiShu7XIYlaOMi_1Vtm563iQX_djJULL6qkDiadm-t2Z0QzAtuTSVvVjYrU6SkQ&amp;sz=w392-h88&amp;ats=1462048752135&amp;rm=15438c91238b3927&amp;zw&amp;atsh=1\" alt=\"\" width=\"196\" height=\"44\" border=\"0\" data-cke-saved-src=\"https:\/\/mail.google.com\/mail\/u\/0\/?ui=2&amp;ik=79606eb0e8&amp;view=fimg&amp;th=15438c91238b3927&amp;attid=0.0.1&amp;disp=emb&amp;attbid=ANGjdJ-7bsdWqWGWB39WXwG0rPIuxVitF17_ygZgGJ2pMQLfXFOoCBiKuWyz2mweZiShu7XIYlaOMi_1Vtm563iQX_djJULL6qkDiadm-t2Z0QzAtuTSVvVjYrU6SkQ&amp;sz=w392-h88&amp;ats=1462048752135&amp;rm=15438c91238b3927&amp;zw&amp;atsh=1\"><\/p>\n<div><\/div>\n<p><strong>&nbsp;&nbsp;&nbsp;&nbsp;&nbsp;&nbsp;Dani Gimeno<\/strong><br \/>\nResponsable de l\u2019\u00c0rea de Diplom\u00e0cia P\u00fablica<br \/>\n<em>&nbsp;&nbsp;&nbsp;&nbsp;&nbsp; Comunitats Catalanes de l\u2019Exterior<\/em><br \/>\nGovern de Catalunya<br \/>\n<em>&nbsp;&nbsp;&nbsp;&nbsp;&nbsp; Government of Catalonia<\/em><br \/>\nPietat, 2 | 08002 Barcelona&nbsp;| 93 554&nbsp;50&nbsp;93<br \/>\n<a href=\"mailto:daniel.gimeno@gencat.cat\" target=\"_blank\" data-cke-saved-href=\"mailto:daniel.gimeno@gencat.cat\" rel=\"noopener\">daniel.gimeno@gencat.cat<\/a> | <a href=\"http:\/\/www.gencat.cat\/comunitatexterior\" target=\"_blank\" data-cke-saved-href=\"http:\/\/www.gencat.cat\/comunitatexterior\" rel=\"noopener\">http:\/\/www.gencat.cat\/comunitatexterior<\/a><br \/>\n<a href=\"http:\/\/www.facebook.com\/casalscatalans\" target=\"_blank\" data-cke-saved-href=\"http:\/\/www.facebook.com\/casalscatalans\" rel=\"noopener\">www.facebook.com\/casalscatalans<\/a>&nbsp; <a href=\"http:\/\/www.twitter.com\/casalscatalans\" target=\"_blank\" data-cke-saved-href=\"http:\/\/www.twitter.com\/casalscatalans\" rel=\"noopener\">@casalscatalans<\/a><\/p>\n<\/div>\n<\/div>\n<\/div>\n<\/div>\n","protected":false},"excerpt":{"rendered":"<p>Col\u00f2nies d&#8217;estiu per infants i joves de la Catalunya Exterior Benvolguts i benvolgudes, Finalment (disculpeu l\u2019endarreriment), ja us podem avan\u00e7ar l\u2019oferta que l\u2019Ag\u00e8ncia Catalana de Joventut t\u00e9 la gentilesa de fer-nos adre\u00e7ar per incloure els infants i joves (de 8 &hellip; <a href=\"https:\/\/misideas.net\/?p=836\">Continue reading <span class=\"meta-nav\">&rarr;<\/span><\/a><\/p>\n","protected":false},"author":3,"featured_media":0,"comment_status":"closed","ping_status":"closed","sticky":false,"template":"","format":"standard","meta":{"footnotes":""},"categories":[20],"tags":[],"class_list":["post-836","post","type-post","status-publish","format-standard","hentry","category-20"],"_links":{"self":[{"href":"https:\/\/misideas.net\/index.php?rest_route=\/wp\/v2\/posts\/836","targetHints":{"allow":["GET"]}}],"collection":[{"href":"https:\/\/misideas.net\/index.php?rest_route=\/wp\/v2\/posts"}],"about":[{"href":"https:\/\/misideas.net\/index.php?rest_route=\/wp\/v2\/types\/post"}],"author":[{"embeddable":true,"href":"https:\/\/misideas.net\/index.php?rest_route=\/wp\/v2\/users\/3"}],"replies":[{"embeddable":true,"href":"https:\/\/misideas.net\/index.php?rest_route=%2Fwp%2Fv2%2Fcomments&post=836"}],"version-history":[{"count":4,"href":"https:\/\/misideas.net\/index.php?rest_route=\/wp\/v2\/posts\/836\/revisions"}],"predecessor-version":[{"id":1510,"href":"https:\/\/misideas.net\/index.php?rest_route=\/wp\/v2\/posts\/836\/revisions\/1510"}],"wp:attachment":[{"href":"https:\/\/misideas.net\/index.php?rest_route=%2Fwp%2Fv2%2Fmedia&parent=836"}],"wp:term":[{"taxonomy":"category","embeddable":true,"href":"https:\/\/misideas.net\/index.php?rest_route=%2Fwp%2Fv2%2Fcategories&post=836"},{"taxonomy":"post_tag","embeddable":true,"href":"https:\/\/misideas.net\/index.php?rest_route=%2Fwp%2Fv2%2Ftags&post=836"}],"curies":[{"name":"wp","href":"https:\/\/api.w.org\/{rel}","templated":true}]}}