{"id":764,"date":"2015-05-13T10:06:11","date_gmt":"2015-05-13T17:06:11","guid":{"rendered":"http:\/\/www.casalcatalalosangeles.org\/?p=764"},"modified":"2024-08-08T13:17:50","modified_gmt":"2024-08-08T20:17:50","slug":"27-setembre-2015-com-podem-votar-els-catalans-de-lexterior","status":"publish","type":"post","link":"https:\/\/misideas.net\/?p=764","title":{"rendered":"27 SETEMBRE 2015 : COM PODEM VOTAR ELS CATALANS DE L&#8217;EXTERIOR?"},"content":{"rendered":"<table cellspacing=\"15\">\n<tbody>\n<tr bgcolor=\"#ffcc00\">\n<td align=\"center\">\n<h2>27 SETEMBRE 2015 : COM PODEM VOTAR ELS CATALANS DE L&#8217;EXTERIOR?<\/h2>\n<\/td>\n<\/tr>\n<tr>\n<td>\n<table align=\"center\">\n<tbody>\n<tr>\n<td><a href=\"http:\/\/mandrillapp.com\/track\/click\/30128231\/vullvotar.cat?p=eyJzIjoibnBDdW5jb0oxdFdxZ2w3MHRHa1BWUkxSU0JZIiwidiI6MSwicCI6IntcInVcIjozMDEyODIzMSxcInZcIjoxLFwidXJsXCI6XCJodHRwOlxcXC9cXFwvdnVsbHZvdGFyLmNhdFwiLFwiaWRcIjpcImM3M2YxZDc4YTU0NzRjZTQ5YzU0MzFiNTc1OTQ4YjgzXCIsXCJ1cmxfaWRzXCI6W1wiMTQ1ZWUwZTkwNDZlMzg3MmNkMjA5YWY0OTYzZDcxMWJmNjIxNzljMFwiXX0ifQ\" target=\"_blank\" rel=\"noopener\"><img decoding=\"async\" class=\"CToWUd\" src=\"https:\/\/ci5.googleusercontent.com\/proxy\/ooTBxOrzXZswPHAss5Vr57aUkl0A3B8NDe-pNf0RN2ofpF-28Fb_zatzayhRAvgA5kWJ0nOQRgE=s0-d-e1-ft#http:\/\/vullvotar.cat\/vullvotar.png\" alt=\"\" width=\"100\"><\/a><\/td>\n<td align=\"center\">\n<h1>27 SETEMBRE 2015<br \/>\nEleccions Auton\u00f2miques en clau plebiscit\u00e0ria<\/h1>\n<\/td>\n<\/tr>\n<\/tbody>\n<\/table>\n<\/td>\n<\/tr>\n<tr>\n<td>El 27 de setembre del 2015 ser\u00e0 una data excepcionalment important per a Catalunya. Les eleccions auton\u00f2miques convocades en clau plebiscit\u00e0ria, s\u00f3n l&#8217;\u00fanica opci\u00f3 que els catalans tenim per expressar la nostra voluntat d&#8217;esdevenir un pa\u00eds independent. La manca de cultura democr\u00e0tica espanyola es va manifestar posant totes les traves possibles al 9N i es torna a posar de manifest fent que el vot des de l&#8217;estranger sigui el m\u00e9s complicat possible. A <a href=\"http:\/\/mandrillapp.com\/track\/click\/30128231\/www.vullvotar.cat?p=eyJzIjoiOEFBVmhqOWtTRGZITWQySzNWZi03NVRuX0x3IiwidiI6MSwicCI6IntcInVcIjozMDEyODIzMSxcInZcIjoxLFwidXJsXCI6XCJodHRwOlxcXC9cXFwvd3d3LnZ1bGx2b3Rhci5jYXRcIixcImlkXCI6XCJjNzNmMWQ3OGE1NDc0Y2U0OWM1NDMxYjU3NTk0OGI4M1wiLFwidXJsX2lkc1wiOltcImYyODY2OWQ3YTU1YmUyZWY4MmM2NGEyOTM4NzMyZmJhMTA1MmI1NWZcIl19In0\" target=\"_blank\" rel=\"noopener\">VULLVOTAR.cat<\/a> volem donar-te informaci\u00f3 per poder votar el 27S des de l&#8217;estranger.<\/td>\n<\/tr>\n<tr>\n<td>\n<h2>QUE HE DE FER PER VOTAR EL 27 de SETEMBRE?<\/h2>\n<p>Entra a <a href=\"http:\/\/mandrillapp.com\/track\/click\/30128231\/vullvotar.cat?p=eyJzIjoiZEM4LXpSVjN0RWx6SU1lLUU0MjdGSW1Db21nIiwidiI6MSwicCI6IntcInVcIjozMDEyODIzMSxcInZcIjoxLFwidXJsXCI6XCJodHRwOlxcXC9cXFwvdnVsbHZvdGFyLmNhdFxcXC8yN3MucGhwXCIsXCJpZFwiOlwiYzczZjFkNzhhNTQ3NGNlNDljNTQzMWI1NzU5NDhiODNcIixcInVybF9pZHNcIjpbXCJmNzM4OGQwOWI2OWVkMTEyNWJlNmRlYTg4YmE1NTBmZjY1ZGEyZDI1XCJdfSJ9\" target=\"_blank\" rel=\"noopener\">vullvotar.cat\/27s.php<\/a> i segueix el q\u00fcestionari segons quin sigui el teu cas per veure quina \u00e9s l&#8217;opci\u00f3 m\u00e9s recomanable.<\/p>\n<p><center><a href=\"http:\/\/mandrillapp.com\/track\/click\/30128231\/vullvotar.cat?p=eyJzIjoiZEM4LXpSVjN0RWx6SU1lLUU0MjdGSW1Db21nIiwidiI6MSwicCI6IntcInVcIjozMDEyODIzMSxcInZcIjoxLFwidXJsXCI6XCJodHRwOlxcXC9cXFwvdnVsbHZvdGFyLmNhdFxcXC8yN3MucGhwXCIsXCJpZFwiOlwiYzczZjFkNzhhNTQ3NGNlNDljNTQzMWI1NzU5NDhiODNcIixcInVybF9pZHNcIjpbXCJmNzM4OGQwOWI2OWVkMTEyNWJlNmRlYTg4YmE1NTBmZjY1ZGEyZDI1XCJdfSJ9\" target=\"_blank\" rel=\"noopener\"><img decoding=\"async\" class=\"CToWUd\" src=\"https:\/\/ci6.googleusercontent.com\/proxy\/JxyGKC2YOJQMINN6b5hw-cUTipKT11u_7zY_NXt9ayz8gniVN5068x-bD6mjNs3O0c9ZxtG7wKisSNryQrtouxa4=s0-d-e1-ft#http:\/\/vullvotar.cat\/img\/vv27s_formulari.jpg\" alt=\"\" width=\"450\"><\/a><\/center><\/td>\n<\/tr>\n<tr>\n<td><b>ATENCI\u00d3<\/b>: Degut al possible allargament de les tasques burocr\u00e0tiques, contempleu seriosament la possibilitat de NO inscriure-us al CERA: si tot va com ha d&#8217;anar, el cens es tancar\u00e0 a 1 de juny i la inscripci\u00f3 al CERA no \u00e9s autom\u00e0tica (\u00e9s a dir, no \u00e9s d&#8217;un dia per un altre). Per aquells que es vulguin inscriure, que ho facin com m\u00e9s aviat millor i si voleu ser conservadors plantegeu-vos fer-ho a l&#8217;ERTA, que \u00e9s un tr\u00e0mit m\u00e9s senzill.<\/td>\n<\/tr>\n<tr>\n<td align=\"center\"><a href=\"http:\/\/mandrillapp.com\/track\/click\/30128231\/www.vullvotar.cat?p=eyJzIjoidTFlT25oX19kdDNYUGM3bS01LVpCWldBQTRZIiwidiI6MSwicCI6IntcInVcIjozMDEyODIzMSxcInZcIjoxLFwidXJsXCI6XCJodHRwOlxcXC9cXFwvd3d3LnZ1bGx2b3Rhci5jYXRcXFwvMjdzLnBocFwiLFwiaWRcIjpcImM3M2YxZDc4YTU0NzRjZTQ5YzU0MzFiNTc1OTQ4YjgzXCIsXCJ1cmxfaWRzXCI6W1wiZDlmZGI5MzFmNDAwOTBmMWVkMTcwOWJkMTRjYjk0MTAxNmU4MmY4MFwiXX0ifQ\" target=\"_blank\" rel=\"noopener\">TENS TOTA LA INFO A LA WEB<\/a><\/td>\n<\/tr>\n<\/tbody>\n<\/table>\n","protected":false},"excerpt":{"rendered":"<p>27 SETEMBRE 2015 : COM PODEM VOTAR ELS CATALANS DE L&#8217;EXTERIOR? 27 SETEMBRE 2015 Eleccions Auton\u00f2miques en clau plebiscit\u00e0ria El 27 de setembre del 2015 ser\u00e0 una data excepcionalment important per a Catalunya. Les eleccions auton\u00f2miques convocades en clau plebiscit\u00e0ria, &hellip; <a href=\"https:\/\/misideas.net\/?p=764\">Continue reading <span class=\"meta-nav\">&rarr;<\/span><\/a><\/p>\n","protected":false},"author":3,"featured_media":0,"comment_status":"closed","ping_status":"closed","sticky":false,"template":"","format":"standard","meta":{"footnotes":""},"categories":[19],"tags":[],"class_list":["post-764","post","type-post","status-publish","format-standard","hentry","category-19"],"_links":{"self":[{"href":"https:\/\/misideas.net\/index.php?rest_route=\/wp\/v2\/posts\/764","targetHints":{"allow":["GET"]}}],"collection":[{"href":"https:\/\/misideas.net\/index.php?rest_route=\/wp\/v2\/posts"}],"about":[{"href":"https:\/\/misideas.net\/index.php?rest_route=\/wp\/v2\/types\/post"}],"author":[{"embeddable":true,"href":"https:\/\/misideas.net\/index.php?rest_route=\/wp\/v2\/users\/3"}],"replies":[{"embeddable":true,"href":"https:\/\/misideas.net\/index.php?rest_route=%2Fwp%2Fv2%2Fcomments&post=764"}],"version-history":[{"count":4,"href":"https:\/\/misideas.net\/index.php?rest_route=\/wp\/v2\/posts\/764\/revisions"}],"predecessor-version":[{"id":1496,"href":"https:\/\/misideas.net\/index.php?rest_route=\/wp\/v2\/posts\/764\/revisions\/1496"}],"wp:attachment":[{"href":"https:\/\/misideas.net\/index.php?rest_route=%2Fwp%2Fv2%2Fmedia&parent=764"}],"wp:term":[{"taxonomy":"category","embeddable":true,"href":"https:\/\/misideas.net\/index.php?rest_route=%2Fwp%2Fv2%2Fcategories&post=764"},{"taxonomy":"post_tag","embeddable":true,"href":"https:\/\/misideas.net\/index.php?rest_route=%2Fwp%2Fv2%2Ftags&post=764"}],"curies":[{"name":"wp","href":"https:\/\/api.w.org\/{rel}","templated":true}]}}