{"id":695,"date":"2015-01-30T08:36:08","date_gmt":"2015-01-30T16:36:08","guid":{"rendered":"http:\/\/www.casalcatalalosangeles.org\/?p=695"},"modified":"2024-08-08T12:44:07","modified_gmt":"2024-08-08T19:44:07","slug":"colonies-a-catalunya-per-a-nens-i-nenes-residents-a-lextranger","status":"publish","type":"post","link":"https:\/\/misideas.net\/?p=695","title":{"rendered":"COL\u00d2NIES A CATALUNYA PER A NENS I NENES RESIDENTS A L&#8217;EXTRANGER"},"content":{"rendered":"<p>Benvolguts i benvolgudes,<\/p>\n<p>Molts de vosaltres recordareu que l\u2019any passat us vam proposar la possibilitat <strong>d\u2019organitzar casals pels per\u00edodes de vacances adre\u00e7ats exclusivament als infants i joves catalans residents a l\u2019exterior (de 8 a 16 anys) amb el benent\u00e8s que l\u2019eix tem\u00e0tic d\u2019aquestes estades a Catalunya giren entorn de la millora en llengua catalana <\/strong>combinada amb esports o activitats culturals. Creiem que es tracta d\u2019una molt bona proposta per totes aquelles fam\u00edlies que, malgrat residir a l\u2019exterior, tenen inter\u00e8s en que els seus fills i filles tinguin un espai de lleure on poder compartir experi\u00e8ncies amb altres infants i joves del mateix perfil alhora que practiquen el catal\u00e0.<\/p>\n<p>L\u2019intent de l\u2019any passat no va reeixir per haver organitzat la proposta amb&nbsp; poca antelaci\u00f3. Al no comptar amb la demanda m\u00ednima per organitzar les estades vam optar per suspendre el projecte fins al dia d\u2019avui.<\/p>\n<p>En aquesta ocasi\u00f3, el procediment ser\u00e0 a la inversa: amb aquest correu electr\u00f2nic, la Secretaria d\u2019Afers Exteriors i de la UE us proposa que feu arribar a totes les fam\u00edlies del vostre entorn la possibilitat d\u2019organitzar col\u00f2nies <strong>tenint en compte que estem oberts a obrir les propostes d\u2019acord amb els calendaris de vacances escolars dels vostres respectius pa\u00efsos<\/strong>. \u00c9s a dir, si les vacances escolars a Alemanya (per posar un exemple) s\u00f3n al maig, i tenim una demanda de com a m\u00ednim 20 participants, des de la Direcci\u00f3 General de Joventut de la Generalitat de Catalunya no hi haur\u00e0 problema per organitzar col\u00f2nies fora del per\u00edode de vacances catalanes (principalment juliol i agost). Aix\u00ed mateix, tamb\u00e9 us demanarem que demaneu a les fam\u00edlies interessades que us informin de quina durada preferirien (10 o 14 dies).<\/p>\n<p>Perqu\u00e8 tingueu una refer\u00e8ncia documental de qu\u00e8 estem parlant, us annexo el document informatiu que es va preparar l\u2019any passat sobre aquesta proposta perqu\u00e8 ho pugueu difondre entre la vostra massa social.<\/p>\n<p><strong>Per aquest motiu, el qu\u00e8 us demano \u00e9s que feu arribar aquesta informaci\u00f3 a totes les fam\u00edlies del vostre entorn demanant la seg\u00fcent informaci\u00f3:<br \/>\n<\/strong><\/p>\n<p>&#8211; <strong>Per\u00edode preferit per fer l\u2019estada a Catalunya (per\u00edode de calendari, per exemple de l\u20191 d\u2019abril al 15 d\u2019abril, els mesos de juny i juliol, etc..)<\/strong><\/p>\n<p>&#8211; <strong>Durada preferida per a l\u2019estada a Catalunya (10 o 14 dies)<\/strong><\/p>\n<p>&#8211; <strong>Tem\u00e0tica de les col\u00f2nies preferides (Catal\u00e0 i multiesportives o Catal\u00e0 i activitats culturals)<\/strong><\/p>\n<p>Per fer les previsions oportunes i estudiar la viabilitat de la seva organitzaci\u00f3, <strong>us demano que cada Comunitat Catalana i Catalans al m\u00f3n, faci arribar les peticions interessades a l\u2019Eva Moreno (<a href=\"mailto:emorenoc@gencat.cat\">emorenoc@gencat.cat<\/a>) abans del 16 de mar\u00e7 de 2015.<\/strong><\/p>\n<p>A l\u2019espera que aquesta proposta sigui de l\u2019inter\u00e8s dels vostres membres, us saludo atentament,<strong><br \/>\n<\/strong><\/p>\n<p><strong>Dani Gimeno<br \/>\nResponsable de l\u2019\u00c0rea de Diplom\u00e0cia P\u00fablica<br \/>\n<\/strong>Comunitats Catalanes de l\u2019Exterior<br \/>\nInternacionalitzaci\u00f3 de les entitats catalanes<br \/>\nSecretaria d&#8217;Afers Exteriors i de la Uni\u00f3 Europea &#8211; Departament de la&nbsp;Presid\u00e8ncia<br \/>\nPietat, 2 | 08002 Barcelona&nbsp;| 93 554&nbsp;50&nbsp;93<br \/>\n<a href=\"mailto:daniel.gimeno@gencat.cat\">daniel.gimeno@gencat.cat<\/a> | <a href=\"http:\/\/www.gencat.cat\/afersexteriors\">www.gencat.cat\/afersexteriors<\/a><br \/>\n<a href=\"http:\/\/www.facebook.com\/casalscatalans\">www.facebook.com\/casalscatalans<\/a>&nbsp; <a href=\"http:\/\/www.twitter.com\/casalscatalans\">@casalscatalans<\/a><\/p>\n<p>&nbsp;<\/p>\n<p>Attachments area<\/p>\n<p><a href=\"https:\/\/mail.google.com\/mail\/u\/0\/?ui=2&amp;ik=79606eb0e8&amp;view=att&amp;th=14b3a14563ce5e90&amp;attid=0.1&amp;disp=safe&amp;zw\" data-tooltip-class=\"a1V\" data-tooltip-align=\"t,c\">Preview attachment Proposta Estiu \u00e9s teu catalans exterior.pdf<\/a><\/p>\n","protected":false},"excerpt":{"rendered":"<p>Benvolguts i benvolgudes, Molts de vosaltres recordareu que l\u2019any passat us vam proposar la possibilitat d\u2019organitzar casals pels per\u00edodes de vacances adre\u00e7ats exclusivament als infants i joves catalans residents a l\u2019exterior (de 8 a 16 anys) amb el benent\u00e8s que &hellip; <a href=\"https:\/\/misideas.net\/?p=695\">Continue reading <span class=\"meta-nav\">&rarr;<\/span><\/a><\/p>\n","protected":false},"author":3,"featured_media":0,"comment_status":"closed","ping_status":"closed","sticky":false,"template":"","format":"standard","meta":{"footnotes":""},"categories":[19],"tags":[],"class_list":["post-695","post","type-post","status-publish","format-standard","hentry","category-19"],"_links":{"self":[{"href":"https:\/\/misideas.net\/index.php?rest_route=\/wp\/v2\/posts\/695","targetHints":{"allow":["GET"]}}],"collection":[{"href":"https:\/\/misideas.net\/index.php?rest_route=\/wp\/v2\/posts"}],"about":[{"href":"https:\/\/misideas.net\/index.php?rest_route=\/wp\/v2\/types\/post"}],"author":[{"embeddable":true,"href":"https:\/\/misideas.net\/index.php?rest_route=\/wp\/v2\/users\/3"}],"replies":[{"embeddable":true,"href":"https:\/\/misideas.net\/index.php?rest_route=%2Fwp%2Fv2%2Fcomments&post=695"}],"version-history":[{"count":4,"href":"https:\/\/misideas.net\/index.php?rest_route=\/wp\/v2\/posts\/695\/revisions"}],"predecessor-version":[{"id":1476,"href":"https:\/\/misideas.net\/index.php?rest_route=\/wp\/v2\/posts\/695\/revisions\/1476"}],"wp:attachment":[{"href":"https:\/\/misideas.net\/index.php?rest_route=%2Fwp%2Fv2%2Fmedia&parent=695"}],"wp:term":[{"taxonomy":"category","embeddable":true,"href":"https:\/\/misideas.net\/index.php?rest_route=%2Fwp%2Fv2%2Fcategories&post=695"},{"taxonomy":"post_tag","embeddable":true,"href":"https:\/\/misideas.net\/index.php?rest_route=%2Fwp%2Fv2%2Ftags&post=695"}],"curies":[{"name":"wp","href":"https:\/\/api.w.org\/{rel}","templated":true}]}}