{"id":645,"date":"2014-10-02T23:39:09","date_gmt":"2014-10-03T06:39:09","guid":{"rendered":"http:\/\/www.casalcatalalosangeles.org\/?p=645"},"modified":"2024-08-08T12:40:58","modified_gmt":"2024-08-08T19:40:58","slug":"casuistica-per-poder-votar-al-9n","status":"publish","type":"post","link":"https:\/\/misideas.net\/?p=645","title":{"rendered":"CASU\u00cdSTICA PER PODER VOTAR AL 9N"},"content":{"rendered":"<h2><span style=\"color: #ff0000;\">Si teniu intenci\u00f3 de votar el 9N (deixant de banda el que pugui passar amb el TC), recordeu que heu d\u2019enviar una pre-solicitud (adjunt VAD4 si sou residents temporals, adjunt VAD5 si sou residents permanents) a l\u2019adre\u00e7a de correu electr\u00f2nic <a href=\"mailto:ccontrol@gencat.cat\" target=\"_blank\" rel=\"noopener\"><span style=\"color: #ff0000;\">ccontrol@gencat.cat<\/span><\/a>, <b>fins el dia 7 d\u2019Octubre.<\/b><\/span><\/h2>\n<h2><span style=\"color: #ff0000;\">Mes informaci\u00f3 a <span style=\"color: #3366ff;\"><a href=\"http:\/\/www.9nconsulta2014.cat\/com-votar.html\" target=\"_blank\" rel=\"noopener\"><span style=\"color: #3366ff;\">http:\/\/www.9nconsulta2014.cat\/<wbr>com-votar.html<\/span><\/a><\/span><\/span><\/h2>\n<p>&nbsp;<\/p>\n<div>\n<p><b>Hola a tothom,<\/b><\/p>\n<p><b>Despr\u00e9s que el secretari d&#8217;afers exteriors Roger&nbsp;Albinyana&nbsp;i el responsable dels residents catalans a l&#8217;exterior Daniel Gimeno, varen explicar a la 6a Trobada europea de les&nbsp;comunitats&nbsp;catalanes a l&#8217;exterior a Luxemburg, a aqu\u00ed teniu &nbsp;la &nbsp;casu\u00edstica&nbsp;dels catalans que poden votar el 9N (tot aix\u00f2 condicionat si al final els partits catalans avui o dem\u00e0 decideixin continuar amb la consulta)<\/b><\/p>\n<\/div>\n<div>\n<p><b>Casos:<\/b><\/p>\n<\/div>\n<p><b>A) Si ets un catal\u00e0 resident a l&#8217;exterior, est\u00e0s inscrit al CERA (Ambaixada-Consolat) i t&#8217;has inscrit al registre de catalans abans del 26 de Setembre&nbsp;<\/b>(Nom\u00e9s 2547 catalans\/es ho han fet).<\/p>\n<div>\n<p>&nbsp; a1) Rebr\u00e0s un correu electr\u00f2nic que t&#8217;informar\u00e0 del punt a on podr\u00e0s dipositar&nbsp;<b>el teu vot en&nbsp;dip\u00f2sit<\/b>&nbsp;m\u00e9s pr\u00f2xim.&nbsp;<b>Per dipositar un vot, ho has de fer presencialment (no es pot delegar ni fer-ho per correu)<\/b>.<\/p>\n<\/div>\n<div>\n<p>&nbsp; a2)&nbsp;La Generalitat ha facilitat punts de votaci\u00f3 a trav\u00e9s d&#8217;institucions catalanes com Delegacions del Govern de la Generalitat i les oficines d&#8217;ACC1\u00d3.&nbsp;Els punts a on podr\u00e0s dipositar el teu vot a l&#8217;estranger els pots trobar a:&nbsp;<a href=\"http:\/\/www.9nconsulta2014.cat\/on-votar.html\" target=\"_blank\" rel=\"noopener\">http:\/\/www.9nconsulta2014.<wbr>cat\/on-votar.html<\/a>. &nbsp;(Tamb\u00e9 ser\u00e0 possible a Barcelona, s&#8217;indicar\u00e0 en el correu&nbsp;electr\u00f2nic&nbsp;rebut abans )<\/p>\n<\/div>\n<div>\n<p>&nbsp; a3) S&#8217;ha de&nbsp;<b>respondre aquest correu&nbsp;electr\u00f2nic&nbsp;del dia 1 al 7 d&#8217;octubre indicant a quin lloc<\/b>&nbsp;anir\u00e0s a dipositar el teu vot.<\/p>\n<\/div>\n<div>\n<p>&nbsp; a4) Del 20 al 25 d&#8217;octubre&nbsp;<b>pots dipositar el teu vot presencialment<\/b>&nbsp;al lloc que has triat.<\/p>\n<\/div>\n<div>\n<div>\n<p><b>B) Si ets un catal\u00e0 resident a l&#8217;exterior, NO est\u00e0s inscrit al CERA &nbsp;i per tan no t&#8217;has inscrit al registre de Catalans a l&#8217;exterior de la Generalitat.<\/b><\/p>\n<\/div>\n<div>\n<p>Si \u00e9s aix\u00ed, segueixes empadronat al teu propi municipi catal\u00e0 i constes en el Cens de Catalunya per poder votar.<\/p>\n<\/div>\n<div>\n<p>Si el 9 de Novembre no ets a Catalunya:&nbsp;Pots demanar el vot anticipat per dip\u00f2sit, que el pots sol\u00b7licitar per email entre els dies 1 al 7 d&#8217;octubre al email:ccontrol@gencat.cat&nbsp;<wbr>indicant a quin dels llocs de votaci\u00f3 a l&#8217;estranger anir\u00e0s a dipositar el teu vot el 20 al 25 d&#8217;octubre i en aquestes dates, podr\u00e0s dipositar el teu vot al lloc que hagis indicat.<\/p>\n<\/div>\n<\/div>\n<div>\n<p><b>C) Si ets un catal\u00e0 resident a l&#8217;exterior i est\u00e0s inscrit al CERA i no t&#8217;has inscrit al registre de Catalans a l&#8217;Exterior de la Generalitat abans del 26 de setembre.<\/b><\/p>\n<\/div>\n<div>\n<p>No pots votar el 9N i tampoc podr\u00e0s donar el teu vot anticipat per dip\u00f2sit.<\/p>\n<\/div>\n<p><b>D) Si ets un catal\u00e0 del principat que el 9N estar\u00e0s fora de Catalunya (per exemple de viatge de feina o de vacances).<\/b><\/p>\n<div>\n<p>Pots demanar el vot anticipat per dip\u00f2sit, que el pots sol\u00b7licitar per email entre els dies 1 al 7 d&#8217;octubre al email:ccontrol@gencat.cat&nbsp;<wbr>indicant a quin dels llocs de votaci\u00f3 a l&#8217;estranger anir\u00e0s a dipositar el teu vot el 20 al 25 d&#8217;octubre i en aquestes dates, podr\u00e0s dipositar el teu vot al lloc que hagis indicat.<\/p>\n<\/div>\n<div>\n<p><b>D) Si ets un catal\u00e0 que vius fora del Principat per\u00f2 a la resta del territori espanyol<\/b><\/p>\n<\/div>\n<div>\n<p>No pots votar el 9N i tampoc podr\u00e0s donar el teu vot anticipat per dip\u00f2sit.<\/p>\n<\/div>\n<div>\n<p><b>E) Si ets un catal\u00e0 que estaves inscrit al CERA i vas empadronar-te a Catalunya&nbsp;<\/b><\/p>\n<\/div>\n<div>\n<p>Hi ha dues possibilitats:<\/p>\n<\/div>\n<div>\n<p>&nbsp; &nbsp; e1) Vas empadronar-te abans del Juliol del 2014-&gt; En aquest cas, podr\u00e0s votar el 9N al teu municipi a on t&#8217;has empadronat o utilitzar el vot per dip\u00f2sit (cas D)<\/p>\n<\/div>\n<div>\n<p>&nbsp; &nbsp; e2) Vas empadronar-te a partir del Juliol del 2014-&gt; No pots votar el 9N i tampoc podr\u00e0s donar el teu vot anticipat per dip\u00f2sit.<\/p>\n<p>&#8212;&#8212;&#8212;&#8212;&#8212;&#8212;&#8212;&#8212;<\/p>\n<\/div>\n<p>Espero que els dubtes estiguin tots aclarits<\/p>\n","protected":false},"excerpt":{"rendered":"<p>Si teniu intenci\u00f3 de votar el 9N (deixant de banda el que pugui passar amb el TC), recordeu que heu d\u2019enviar una pre-solicitud (adjunt VAD4 si sou residents temporals, adjunt VAD5 si sou residents permanents) a l\u2019adre\u00e7a de correu electr\u00f2nic &hellip; <a href=\"https:\/\/misideas.net\/?p=645\">Continue reading <span class=\"meta-nav\">&rarr;<\/span><\/a><\/p>\n","protected":false},"author":3,"featured_media":0,"comment_status":"closed","ping_status":"closed","sticky":false,"template":"","format":"standard","meta":{"footnotes":""},"categories":[18],"tags":[],"class_list":["post-645","post","type-post","status-publish","format-standard","hentry","category-18"],"_links":{"self":[{"href":"https:\/\/misideas.net\/index.php?rest_route=\/wp\/v2\/posts\/645","targetHints":{"allow":["GET"]}}],"collection":[{"href":"https:\/\/misideas.net\/index.php?rest_route=\/wp\/v2\/posts"}],"about":[{"href":"https:\/\/misideas.net\/index.php?rest_route=\/wp\/v2\/types\/post"}],"author":[{"embeddable":true,"href":"https:\/\/misideas.net\/index.php?rest_route=\/wp\/v2\/users\/3"}],"replies":[{"embeddable":true,"href":"https:\/\/misideas.net\/index.php?rest_route=%2Fwp%2Fv2%2Fcomments&post=645"}],"version-history":[{"count":5,"href":"https:\/\/misideas.net\/index.php?rest_route=\/wp\/v2\/posts\/645\/revisions"}],"predecessor-version":[{"id":1467,"href":"https:\/\/misideas.net\/index.php?rest_route=\/wp\/v2\/posts\/645\/revisions\/1467"}],"wp:attachment":[{"href":"https:\/\/misideas.net\/index.php?rest_route=%2Fwp%2Fv2%2Fmedia&parent=645"}],"wp:term":[{"taxonomy":"category","embeddable":true,"href":"https:\/\/misideas.net\/index.php?rest_route=%2Fwp%2Fv2%2Fcategories&post=645"},{"taxonomy":"post_tag","embeddable":true,"href":"https:\/\/misideas.net\/index.php?rest_route=%2Fwp%2Fv2%2Ftags&post=645"}],"curies":[{"name":"wp","href":"https:\/\/api.w.org\/{rel}","templated":true}]}}