{"id":634,"date":"2014-09-03T10:21:51","date_gmt":"2014-09-03T17:21:51","guid":{"rendered":"http:\/\/www.casalcatalalosangeles.org\/?p=634"},"modified":"2024-08-08T12:40:46","modified_gmt":"2024-08-08T19:40:46","slug":"vullvotar-cat-actualitzacio-el-cens-es-tancara-tan-aviat-com-es-publiqui-la-convocatoria-del-9n","status":"publish","type":"post","link":"https:\/\/misideas.net\/?p=634","title":{"rendered":"VULLVOTAR.cat &#8211; ACTUALITZACI\u00d3: *** EL CENS ES TANCAR\u00c0 TAN AVIAT COM ES PUBLIQUI LA CONVOCAT\u00d2RIA DEL 9N ***"},"content":{"rendered":"<table cellspacing=\"10\">\n<tbody>\n<tr bgcolor=\"#ffcc00\">\n<td align=\"center\">Registre de catalans i catalanes residents a l&#8217;exterior: Preguntes i respostes<\/td>\n<\/tr>\n<tr>\n<td align=\"center\" bgcolor=\"#B3B3B3\"><a href=\"http:\/\/mandrillapp.com\/track\/click\/30128231\/www.vullvotar.cat?p=eyJzIjoiSjBYSnFoTnUydkJFbXpvdDd1WGhDQk50NGE4IiwidiI6MSwicCI6IntcInVcIjozMDEyODIzMSxcInZcIjoxLFwidXJsXCI6XCJodHRwOlxcXC9cXFwvd3d3LnZ1bGx2b3Rhci5jYXRcXFwvcmVnaXN0cmVfZ2VuY2F0LnBocFwiLFwiaWRcIjpcIjIzNjdmODRjNzFmMDQxZGE5NDUyZWRkMjRkZDNlYWMzXCIsXCJ1cmxfaWRzXCI6W1wiNTJiMjAxY2JjYTllMmRmODlkMDQ4MzVkMGY3ZTYwYjJiNTk2MGM4NVwiXX0ifQ\" target=\"_blank\" rel=\"noopener\"> <img decoding=\"async\" alt=\"\" src=\"https:\/\/ci3.googleusercontent.com\/proxy\/VODbH8mn1H7zRxvbvu_fPf3q-gYteUbtOvUlQ4GFh7XcWI9Ij6ZzY_n4RPo9MmArNS6p3rrN1BTvOpmP9KEepjgJIXc=s0-d-e1-ft#http:\/\/vullvotar.cat\/img\/registreexterior0.jpg\" border=\"0\"> <\/a><\/td>\n<\/tr>\n<tr>\n<td><center><\/p>\n<h1>URGENT: EL CENS ES TANCAR\u00c0 A MITJANS DE SETEMBRE !<\/h1>\n<p><\/center><\/p>\n<p>Ens informen que el cens es tancar\u00e0 tan aviat com es publiqui la convocat\u00f2ria del 9N i, per tant, <b>nom\u00e9s es podran acceptar aquelles sol\u00b7licituds que hagin arribat en paper a Barcelona fins la data de publicaci\u00f3 del decret de convocat\u00f2ria<\/b> (mitjans de setembre&#8230;).<br \/>\nEls que us vulgueu registrar al Registre de Catalans a l&#8217;estranger us heu d&#8217;espavilar o no hi sereu a temps!!<\/p>\n<p>QUI? COM? QUAN???<br \/>\nA la web tens totes les respostes&#8230;.<\/td>\n<\/tr>\n<tr>\n<td align=\"center\"><a href=\"http:\/\/mandrillapp.com\/track\/click\/30128231\/www.vullvotar.cat?p=eyJzIjoiSjBYSnFoTnUydkJFbXpvdDd1WGhDQk50NGE4IiwidiI6MSwicCI6IntcInVcIjozMDEyODIzMSxcInZcIjoxLFwidXJsXCI6XCJodHRwOlxcXC9cXFwvd3d3LnZ1bGx2b3Rhci5jYXRcXFwvcmVnaXN0cmVfZ2VuY2F0LnBocFwiLFwiaWRcIjpcIjIzNjdmODRjNzFmMDQxZGE5NDUyZWRkMjRkZDNlYWMzXCIsXCJ1cmxfaWRzXCI6W1wiNTJiMjAxY2JjYTllMmRmODlkMDQ4MzVkMGY3ZTYwYjJiNTk2MGM4NVwiXX0ifQ\" target=\"_blank\" rel=\"noopener\">ANAR A LA WEB<\/a><\/td>\n<\/tr>\n<tr>\n<td>A la web VULLVOTAR.cat hem preparat una p\u00e0gina per a intentar aclarir QUI es pot registrar, COM funciona el Registre o si cal anar a l&#8217;ambaixada espanyola o no. Segueix els Links.<\/td>\n<\/tr>\n<tr>\n<td>Potser et preguntes:<\/p>\n<ul>\n<li><a href=\"http:\/\/mandrillapp.com\/track\/click\/30128231\/www.vullvotar.cat?p=eyJzIjoiODdQT1JQNFM0amF2d1FaUEpGTVNReVd6c3JFIiwidiI6MSwicCI6IntcInVcIjozMDEyODIzMSxcInZcIjoxLFwidXJsXCI6XCJodHRwOlxcXC9cXFwvd3d3LnZ1bGx2b3Rhci5jYXRcXFwvcmVnaXN0cmVfZ2VuY2F0LnBocCNxdWlcIixcImlkXCI6XCIyMzY3Zjg0YzcxZjA0MWRhOTQ1MmVkZDI0ZGQzZWFjM1wiLFwidXJsX2lkc1wiOltcIjUyYjIwMWNiY2E5ZTJkZjg5ZDA0ODM1ZDBmN2U2MGIyYjU5NjBjODVcIl19In0\" target=\"_blank\" rel=\"noopener\">Qui s&#8217;hi pot inscriure?<\/a><\/li>\n<li><a href=\"http:\/\/mandrillapp.com\/track\/click\/30128231\/www.vullvotar.cat?p=eyJzIjoieXJtMUFmWHhjQzU3MnJEdWNpZHZYcFFOMG1nIiwidiI6MSwicCI6IntcInVcIjozMDEyODIzMSxcInZcIjoxLFwidXJsXCI6XCJodHRwOlxcXC9cXFwvd3d3LnZ1bGx2b3Rhci5jYXRcXFwvcmVnaXN0cmVfZ2VuY2F0LnBocCNjb21cIixcImlkXCI6XCIyMzY3Zjg0YzcxZjA0MWRhOTQ1MmVkZDI0ZGQzZWFjM1wiLFwidXJsX2lkc1wiOltcIjUyYjIwMWNiY2E5ZTJkZjg5ZDA0ODM1ZDBmN2U2MGIyYjU5NjBjODVcIl19In0\" target=\"_blank\" rel=\"noopener\">Com puc sol\u00b7licitar la inscripci\u00f3 al registre?<\/a><\/li>\n<li><a href=\"http:\/\/mandrillapp.com\/track\/click\/30128231\/www.vullvotar.cat?p=eyJzIjoiaTRGVjdKMjJmb29tdTRId0FrNS14dEozRjJVIiwidiI6MSwicCI6IntcInVcIjozMDEyODIzMSxcInZcIjoxLFwidXJsXCI6XCJodHRwOlxcXC9cXFwvd3d3LnZ1bGx2b3Rhci5jYXRcXFwvcmVnaXN0cmVfZ2VuY2F0LnBocCNjYWxcIixcImlkXCI6XCIyMzY3Zjg0YzcxZjA0MWRhOTQ1MmVkZDI0ZGQzZWFjM1wiLFwidXJsX2lkc1wiOltcIjUyYjIwMWNiY2E5ZTJkZjg5ZDA0ODM1ZDBmN2U2MGIyYjU5NjBjODVcIl19In0\" target=\"_blank\" rel=\"noopener\">Cal registrar-se a l&#8217;ambaixada espanyola, doncs? s\u00ed o no?<\/a><\/li>\n<\/ul>\n<\/td>\n<\/tr>\n<tr>\n<td align=\"center\"><a href=\"http:\/\/mandrillapp.com\/track\/click\/30128231\/www.vullvotar.cat?p=eyJzIjoiSjBYSnFoTnUydkJFbXpvdDd1WGhDQk50NGE4IiwidiI6MSwicCI6IntcInVcIjozMDEyODIzMSxcInZcIjoxLFwidXJsXCI6XCJodHRwOlxcXC9cXFwvd3d3LnZ1bGx2b3Rhci5jYXRcXFwvcmVnaXN0cmVfZ2VuY2F0LnBocFwiLFwiaWRcIjpcIjIzNjdmODRjNzFmMDQxZGE5NDUyZWRkMjRkZDNlYWMzXCIsXCJ1cmxfaWRzXCI6W1wiNTJiMjAxY2JjYTllMmRmODlkMDQ4MzVkMGY3ZTYwYjJiNTk2MGM4NVwiXX0ifQ\" target=\"_blank\" rel=\"noopener\">ANAR A LA WEB<\/a><\/td>\n<\/tr>\n<\/tbody>\n<\/table>\n<p><b>Aquest web NO \u00e9s oficial de la Generalitat.<\/b><br \/>\nLa informaci\u00f3 est\u00e0 contrastada amb fonts fiables i est\u00e0 feta en col\u00b7laboraci\u00f3 amb molta gent i amb suport i vistiplau de la FIEC i altres.<br \/>\nL&#8217;objectiu \u00e9s facilitar els tr\u00e0mits a qualsevol que es vulgui registrar, <span style=\"text-decoration: underline;\">per\u00f2 EN CAP CAS es fa responsable<\/span> ni dels links, ni de la informaci\u00f3 que se&#8217;n pugui derivar, ni molt menys es fa c\u00e0rrec de cap possible inconvenient causat.<br \/>\nPer ampliar la informaci\u00f3 i accedir al tr\u00e0mit de preinscripci\u00f3 aneu a: <a href=\"http:\/\/afersexteriors.gencat.cat\" target=\"_blank\" rel=\"noopener\">afersexteriors.gencat.cat<\/a><\/p>\n","protected":false},"excerpt":{"rendered":"<p>Registre de catalans i catalanes residents a l&#8217;exterior: Preguntes i respostes URGENT: EL CENS ES TANCAR\u00c0 A MITJANS DE SETEMBRE ! Ens informen que el cens es tancar\u00e0 tan aviat com es publiqui la convocat\u00f2ria del 9N i, per tant, &hellip; <a href=\"https:\/\/misideas.net\/?p=634\">Continue reading <span class=\"meta-nav\">&rarr;<\/span><\/a><\/p>\n","protected":false},"author":3,"featured_media":0,"comment_status":"closed","ping_status":"closed","sticky":false,"template":"","format":"standard","meta":{"footnotes":""},"categories":[18],"tags":[],"class_list":["post-634","post","type-post","status-publish","format-standard","hentry","category-18"],"_links":{"self":[{"href":"https:\/\/misideas.net\/index.php?rest_route=\/wp\/v2\/posts\/634","targetHints":{"allow":["GET"]}}],"collection":[{"href":"https:\/\/misideas.net\/index.php?rest_route=\/wp\/v2\/posts"}],"about":[{"href":"https:\/\/misideas.net\/index.php?rest_route=\/wp\/v2\/types\/post"}],"author":[{"embeddable":true,"href":"https:\/\/misideas.net\/index.php?rest_route=\/wp\/v2\/users\/3"}],"replies":[{"embeddable":true,"href":"https:\/\/misideas.net\/index.php?rest_route=%2Fwp%2Fv2%2Fcomments&post=634"}],"version-history":[{"count":3,"href":"https:\/\/misideas.net\/index.php?rest_route=\/wp\/v2\/posts\/634\/revisions"}],"predecessor-version":[{"id":1466,"href":"https:\/\/misideas.net\/index.php?rest_route=\/wp\/v2\/posts\/634\/revisions\/1466"}],"wp:attachment":[{"href":"https:\/\/misideas.net\/index.php?rest_route=%2Fwp%2Fv2%2Fmedia&parent=634"}],"wp:term":[{"taxonomy":"category","embeddable":true,"href":"https:\/\/misideas.net\/index.php?rest_route=%2Fwp%2Fv2%2Fcategories&post=634"},{"taxonomy":"post_tag","embeddable":true,"href":"https:\/\/misideas.net\/index.php?rest_route=%2Fwp%2Fv2%2Ftags&post=634"}],"curies":[{"name":"wp","href":"https:\/\/api.w.org\/{rel}","templated":true}]}}