{"id":57,"date":"2013-06-20T10:07:03","date_gmt":"2013-06-20T17:07:03","guid":{"rendered":"http:\/\/www.casalcatalalosangeles.org\/?p=57"},"modified":"2024-08-08T12:29:05","modified_gmt":"2024-08-08T19:29:05","slug":"el-concert","status":"publish","type":"post","link":"https:\/\/misideas.net\/?p=57","title":{"rendered":"EL CONCERT"},"content":{"rendered":"<p>El Concert per la Llibertat ser\u00e0 un gran esdeveniment de pa\u00eds, un clam de la societat civil per reclamar, a trav\u00e9s del llenguatge universal de la m\u00fasica, el dret del poble catal\u00e0 i de tots els pobles del m\u00f3n a poder decidir lliurement i democr\u00e0tica el propi futur.<\/p>\n<p>L\u201911 de setembre de 2012, m\u00e9s d\u2019un mili\u00f3 de persones es van manifestar a Barcelona amb el desig de poder exercir la pr\u00f2pia sobirania cap a l\u2019estat propi. El Concert per la Llibertat vol ser una nova ocasi\u00f3 perqu\u00e8 la veu del poble sigui escoltada dins i fora de Catalunya, i un esdeveniment que contribueixi a implicar tothom en la construcci\u00f3 del futur col\u2022lectiu del pa\u00eds.<\/p>\n<p>VENDA D\u2019ENTRADES<\/p>\n<p>Entre tots hem de d\u2019omplir l\u2019estadi, hem de ser un clam multitudinari a favor de la llibertat del nostre poble. <b>Si encara no ho has fet, compra la teva entrada pel 29 de juny, aquest dia, ning\u00fa no hi pot faltar.<\/b> <b>Al nostre web (<a href=\"http:\/\/www.concertperlallibertat.cat\">www.concertperlallibertat.cat<\/a>) trobar\u00e0s entrades amb bona visibilitat i a bon preu. <\/b>Fes pinya amb les 70.000 persones que ja han fet el pas.<\/p>\n<p>Encara hi ets a temps, no t\u2019ho pots perdre. Entre tots i totes, cridem ben fort #johisere<strong><br \/>\n<\/strong><\/p>\n<p><strong>Per a incid\u00e8ncies t\u00e8cniques contacteu amb el tel\u00e8fon 935543502 o correu electr\u00f2nic <a href=\"mailto:omnium@tresc.cat\">omnium@tresc.cat<\/a><\/strong><\/p>\n<p>HORARIS:<\/p>\n<p>17.00 h \u2013 Inici de la fira d\u2019entitats a l\u2019exterior del Camp Nou<br \/>\n18.00 h \u2013 Obertura de portes del Camp Nou<br \/>\n20.00 h \u2013 Inici del Concert per la Llibertat<br \/>\n00.00 h \u2013 Hora prevista de finalitzaci\u00f3<\/p>\n<p>Per a m\u00e9s informaci\u00f3 contacteu amb <strong>info@concertperlallibertat.cat<\/strong><\/p>\n<p>&nbsp;<\/p>\n","protected":false},"excerpt":{"rendered":"<p>El Concert per la Llibertat ser\u00e0 un gran esdeveniment de pa\u00eds, un clam de la societat civil per reclamar, a trav\u00e9s del llenguatge universal de la m\u00fasica, el dret del poble catal\u00e0 i de tots els pobles del m\u00f3n a &hellip; <a href=\"https:\/\/misideas.net\/?p=57\">Continue reading <span class=\"meta-nav\">&rarr;<\/span><\/a><\/p>\n","protected":false},"author":3,"featured_media":0,"comment_status":"closed","ping_status":"closed","sticky":false,"template":"","format":"standard","meta":{"footnotes":""},"categories":[17],"tags":[],"class_list":["post-57","post","type-post","status-publish","format-standard","hentry","category-17"],"_links":{"self":[{"href":"https:\/\/misideas.net\/index.php?rest_route=\/wp\/v2\/posts\/57","targetHints":{"allow":["GET"]}}],"collection":[{"href":"https:\/\/misideas.net\/index.php?rest_route=\/wp\/v2\/posts"}],"about":[{"href":"https:\/\/misideas.net\/index.php?rest_route=\/wp\/v2\/types\/post"}],"author":[{"embeddable":true,"href":"https:\/\/misideas.net\/index.php?rest_route=\/wp\/v2\/users\/3"}],"replies":[{"embeddable":true,"href":"https:\/\/misideas.net\/index.php?rest_route=%2Fwp%2Fv2%2Fcomments&post=57"}],"version-history":[{"count":5,"href":"https:\/\/misideas.net\/index.php?rest_route=\/wp\/v2\/posts\/57\/revisions"}],"predecessor-version":[{"id":61,"href":"https:\/\/misideas.net\/index.php?rest_route=\/wp\/v2\/posts\/57\/revisions\/61"}],"wp:attachment":[{"href":"https:\/\/misideas.net\/index.php?rest_route=%2Fwp%2Fv2%2Fmedia&parent=57"}],"wp:term":[{"taxonomy":"category","embeddable":true,"href":"https:\/\/misideas.net\/index.php?rest_route=%2Fwp%2Fv2%2Fcategories&post=57"},{"taxonomy":"post_tag","embeddable":true,"href":"https:\/\/misideas.net\/index.php?rest_route=%2Fwp%2Fv2%2Ftags&post=57"}],"curies":[{"name":"wp","href":"https:\/\/api.w.org\/{rel}","templated":true}]}}