{"id":563,"date":"2014-06-03T07:46:19","date_gmt":"2014-06-03T14:46:19","guid":{"rendered":"http:\/\/www.casalcatalalosangeles.org\/?p=563"},"modified":"2024-08-08T12:37:41","modified_gmt":"2024-08-08T19:37:41","slug":"registre-de-catalans-a-lestranger","status":"publish","type":"post","link":"https:\/\/misideas.net\/?p=563","title":{"rendered":"REGISTRE DE CATALANS A L&#8217;ESTRANGER"},"content":{"rendered":"<h1><span style=\"font-size: large;\">El govern aprova el registre de catalans a l&#8217;estranger, amb vista al 9-N<\/span><br \/>\n<span style=\"font-size: large;\">La inscripci\u00f3 ser\u00e0 volunt\u00e0ria i el registre ser\u00e0 operatiu des del 3 de juny<\/span><\/h1>\n<p><a href=\"http:\/\/www.vilaweb.cat\/noticia\/4194039\/20140527\/govern-aprova-registre-catalans-lestranger-vista-9-n.html\"><br \/>\n<\/a><\/p>\n<p><a href=\"http:\/\/www.vilaweb.cat\/noticia\/4194039\/20140527\/govern-aprova-registre-catalans-lestranger-vista-9-n.html\" target=\"_blank\" rel=\"noopener\">http:\/\/www.vilaweb.cat\/<wbr>noticia\/4194039\/20140527\/<wbr>govern-aprova-registre-<wbr>catalans-lestranger-vista-9-n.<wbr>html<\/a><\/p>\n","protected":false},"excerpt":{"rendered":"<p>El govern aprova el registre de catalans a l&#8217;estranger, amb vista al 9-N La inscripci\u00f3 ser\u00e0 volunt\u00e0ria i el registre ser\u00e0 operatiu des del 3 de juny http:\/\/www.vilaweb.cat\/noticia\/4194039\/20140527\/govern-aprova-registre-catalans-lestranger-vista-9-n.html<\/p>\n","protected":false},"author":3,"featured_media":0,"comment_status":"closed","ping_status":"closed","sticky":false,"template":"","format":"standard","meta":{"footnotes":""},"categories":[18],"tags":[],"class_list":["post-563","post","type-post","status-publish","format-standard","hentry","category-18"],"_links":{"self":[{"href":"https:\/\/misideas.net\/index.php?rest_route=\/wp\/v2\/posts\/563","targetHints":{"allow":["GET"]}}],"collection":[{"href":"https:\/\/misideas.net\/index.php?rest_route=\/wp\/v2\/posts"}],"about":[{"href":"https:\/\/misideas.net\/index.php?rest_route=\/wp\/v2\/types\/post"}],"author":[{"embeddable":true,"href":"https:\/\/misideas.net\/index.php?rest_route=\/wp\/v2\/users\/3"}],"replies":[{"embeddable":true,"href":"https:\/\/misideas.net\/index.php?rest_route=%2Fwp%2Fv2%2Fcomments&post=563"}],"version-history":[{"count":3,"href":"https:\/\/misideas.net\/index.php?rest_route=\/wp\/v2\/posts\/563\/revisions"}],"predecessor-version":[{"id":1457,"href":"https:\/\/misideas.net\/index.php?rest_route=\/wp\/v2\/posts\/563\/revisions\/1457"}],"wp:attachment":[{"href":"https:\/\/misideas.net\/index.php?rest_route=%2Fwp%2Fv2%2Fmedia&parent=563"}],"wp:term":[{"taxonomy":"category","embeddable":true,"href":"https:\/\/misideas.net\/index.php?rest_route=%2Fwp%2Fv2%2Fcategories&post=563"},{"taxonomy":"post_tag","embeddable":true,"href":"https:\/\/misideas.net\/index.php?rest_route=%2Fwp%2Fv2%2Ftags&post=563"}],"curies":[{"name":"wp","href":"https:\/\/api.w.org\/{rel}","templated":true}]}}