{"id":547,"date":"2014-04-09T10:12:54","date_gmt":"2014-04-09T17:12:54","guid":{"rendered":"http:\/\/www.casalcatalalosangeles.org\/?p=547"},"modified":"2024-08-08T12:37:21","modified_gmt":"2024-08-08T19:37:21","slug":"catalans-a-eua","status":"publish","type":"post","link":"https:\/\/misideas.net\/?p=547","title":{"rendered":"CATALANS A EUA"},"content":{"rendered":"<div>\n<blockquote>\n<div>\n<div dir=\"ltr\">\n<div>Bon dia,<\/div>\n<div>Ens posem en contacte amb vosaltres des de l\u2019assessoria de mobilitat Internacional, un servei dins de la Xarxa de Punts d\u2019Informaci\u00f3 Juvenil de la ciutat de Barcelona. El nostre servei consisteix en l\u2019assessorament personalitzat a joves de la ciutat que estan preparant una estada a l\u2019estranger, o tenen previst de realitzar-la (per motius d\u2019estudis, treball, pr\u00e0ctiques, voluntariats o d\u2019altres). A m\u00e9s a m\u00e9s, tamb\u00e9 organitzem xerrades i tallers informatius relacionats amb l\u2019\u00e0mbit de mobilitat. El 27 del Maig, tenim previst la realitzaci\u00f3 de la III Edici\u00f3 del Taller \u201cLlums i ombres\u201d. En aquest taller, que ja s\u2019ha realitzat anteriorment amb \u00e8xit, es recullen les dificultats, consells, avantatges i pros i contres de realitzar una estada a l\u2019estranger. Per aconseguir aquest objectiu, estem localitzant a joves catalans arreu del m\u00f3n que puguin explicar-nos la seva experi\u00e8ncia vivint fora de Catalunya, com van aconseguir marxar, quines van ser les dificultats, que estan fent en el seu pa\u00eds d\u2019acollida, consells que donarien alg\u00fa que vol marxar&#8230; Les connexions es farien per skype, de manera que els nostres usuaris puguin escoltar els testimonis dels joves i fer-los-hi preguntes en directe.<\/div>\n<div>Es per aix\u00f2 que us demanen la vostra col\u00b7laboraci\u00f3, per tal de trobar a joves catalans&nbsp;que estiguin estudiant, treballant o vivint als EUA i que els hi agradaria participar en la nostra xerrada el 27 de Maig entre les 18:30 i 19:30 hora catalana per explicar la seva experi\u00e8ncia. Agrair\u00edem que pugueu fer arribar aquest mail a persones que puguin estar interessades, i no dubteu en posar-vos en contacte amb nosaltres davant de qualsevol dubte.<\/div>\n<div>Moltes gr\u00e0cies!<\/div>\n<div><\/div>\n<\/div>\n<div>\n<div>\n<div>Carles Cunill i S\u00edlvia Reyes<br \/>\n************************<br \/>\nAssessora de Mobilitat Internacional<br \/>\n<a href=\"mailto:mobilitatjove@bcn.cat\" target=\"_blank\" rel=\"noopener\">mobilitatjove@bcn.cat<\/a><br \/>\n&#8212;&#8212;&#8212;&#8212;&#8212;&#8212;&#8212;&#8212;&#8212;&#8212;<wbr>&#8212;-<br \/>\nCIAJ &#8211; Centre d&#8217;Informaci\u00f3 i Assessorament per a Joves<\/div>\n<div>C\/Sant Oleguer 6-8<br \/>\nTel\u00e8fon: 934 422 939<\/div>\n<\/div>\n<\/div>\n<\/div>\n<\/blockquote>\n<\/div>\n","protected":false},"excerpt":{"rendered":"<p>Bon dia, Ens posem en contacte amb vosaltres des de l\u2019assessoria de mobilitat Internacional, un servei dins de la Xarxa de Punts d\u2019Informaci\u00f3 Juvenil de la ciutat de Barcelona. El nostre servei consisteix en l\u2019assessorament personalitzat a joves de la &hellip; <a href=\"https:\/\/misideas.net\/?p=547\">Continue reading <span class=\"meta-nav\">&rarr;<\/span><\/a><\/p>\n","protected":false},"author":3,"featured_media":0,"comment_status":"closed","ping_status":"closed","sticky":false,"template":"","format":"standard","meta":{"footnotes":""},"categories":[18],"tags":[],"class_list":["post-547","post","type-post","status-publish","format-standard","hentry","category-18"],"_links":{"self":[{"href":"https:\/\/misideas.net\/index.php?rest_route=\/wp\/v2\/posts\/547","targetHints":{"allow":["GET"]}}],"collection":[{"href":"https:\/\/misideas.net\/index.php?rest_route=\/wp\/v2\/posts"}],"about":[{"href":"https:\/\/misideas.net\/index.php?rest_route=\/wp\/v2\/types\/post"}],"author":[{"embeddable":true,"href":"https:\/\/misideas.net\/index.php?rest_route=\/wp\/v2\/users\/3"}],"replies":[{"embeddable":true,"href":"https:\/\/misideas.net\/index.php?rest_route=%2Fwp%2Fv2%2Fcomments&post=547"}],"version-history":[{"count":4,"href":"https:\/\/misideas.net\/index.php?rest_route=\/wp\/v2\/posts\/547\/revisions"}],"predecessor-version":[{"id":1456,"href":"https:\/\/misideas.net\/index.php?rest_route=\/wp\/v2\/posts\/547\/revisions\/1456"}],"wp:attachment":[{"href":"https:\/\/misideas.net\/index.php?rest_route=%2Fwp%2Fv2%2Fmedia&parent=547"}],"wp:term":[{"taxonomy":"category","embeddable":true,"href":"https:\/\/misideas.net\/index.php?rest_route=%2Fwp%2Fv2%2Fcategories&post=547"},{"taxonomy":"post_tag","embeddable":true,"href":"https:\/\/misideas.net\/index.php?rest_route=%2Fwp%2Fv2%2Ftags&post=547"}],"curies":[{"name":"wp","href":"https:\/\/api.w.org\/{rel}","templated":true}]}}