{"id":534,"date":"2014-03-29T16:38:50","date_gmt":"2014-03-29T23:38:50","guid":{"rendered":"http:\/\/www.casalcatalalosangeles.org\/?p=534"},"modified":"2024-08-08T12:36:55","modified_gmt":"2024-08-08T19:36:55","slug":"aplec","status":"publish","type":"post","link":"https:\/\/misideas.net\/?p=534","title":{"rendered":"SIGNA UN VOT PER LA INDEPEND\u00c8NCIA"},"content":{"rendered":"<p>A L&#8217;APLEC PODR\u00c0S SIGNAR UN VOT PER LA INDEPEND\u00c8NCIA.<\/p>\n<p><a href=\"https:\/\/misideas.net\/wp-content\/uploads\/2014\/03\/SignaUnVotAmbEsteladaVermella.jpg\"><img loading=\"lazy\" decoding=\"async\" class=\"size-medium wp-image-537 alignleft\" alt=\"SignaUnVotAmbEsteladaVermella\" src=\"https:\/\/misideas.net\/wp-content\/uploads\/2014\/03\/SignaUnVotAmbEsteladaVermella-212x300.jpg\" width=\"212\" height=\"300\" srcset=\"https:\/\/misideas.net\/wp-content\/uploads\/2014\/03\/SignaUnVotAmbEsteladaVermella-212x300.jpg 212w, https:\/\/misideas.net\/wp-content\/uploads\/2014\/03\/SignaUnVotAmbEsteladaVermella-724x1024.jpg 724w, https:\/\/misideas.net\/wp-content\/uploads\/2014\/03\/SignaUnVotAmbEsteladaVermella.jpg 794w\" sizes=\"auto, (max-width: 212px) 100vw, 212px\" \/><\/a><\/p>\n<p><a href=\"https:\/\/misideas.net\/wp-content\/uploads\/2014\/03\/texte.jpg\"><img loading=\"lazy\" decoding=\"async\" class=\"alignleft size-full wp-image-535\" alt=\"texte\" src=\"https:\/\/misideas.net\/wp-content\/uploads\/2014\/03\/texte.jpg\" width=\"816\" height=\"1680\" srcset=\"https:\/\/misideas.net\/wp-content\/uploads\/2014\/03\/texte.jpg 816w, https:\/\/misideas.net\/wp-content\/uploads\/2014\/03\/texte-145x300.jpg 145w, https:\/\/misideas.net\/wp-content\/uploads\/2014\/03\/texte-497x1024.jpg 497w\" sizes=\"auto, (max-width: 816px) 100vw, 816px\" \/><\/a><\/p>\n<p>&nbsp;<\/p>\n<p>&nbsp;<\/p>\n<p>&nbsp;<\/p>\n<p>&nbsp;<\/p>\n<p>&nbsp;<\/p>\n<p>&nbsp;<\/p>\n<p>&nbsp;<\/p>\n<p>Hola,<\/p>\n<p>Us informo que de cara a la campanya de recollida de signatures, caldra que la gent porti DNI o passaport.<\/p>\n<p>Tot i aixi no tots els vots comptaran com a peticionaris, podeu veure les diferents casuistiques mes a sota.<\/p>\n<div>\n<p>&#8211; Tinc el DNI vigent amb adre\u00e7a a Catalunya = Vot v\u00e0lid com a catal\u00e0<\/p>\n<\/div>\n<p>&#8211; Tinc el DNI caducat amb adre\u00e7a a Catalunya = Vot v\u00e0lid com a catal\u00e0<\/p>\n<p>&#8211; El meu DNI t\u00e9 adre\u00e7a de fora de Catalunya + document del CERA on hi digui que el seu municipi d&#8217;origen est\u00e0 a Catalunya = Vot v\u00e0lid com a catal\u00e0<\/p>\n<p>&#8211;&nbsp;El meu DNI t\u00e9 adre\u00e7a de fora de Catalunya + certificat de resid\u00e8ncia a Catalunya = Vot v\u00e0lid com a catal\u00e0<\/p>\n<p>&#8211; Passaport + document del CERA on hi digui que el seu municipi d&#8217;origen est\u00e0 a Catalunya = Vot v\u00e0lid com a catal\u00e0<\/p>\n<p>&#8211;&nbsp;Passaport + certificat de resid\u00e8ncia a Catalunya = Vot v\u00e0lid com a catal\u00e0<\/p>\n<p>&#8211; El meu DNI t\u00e9 adre\u00e7a de fora de Catalunya i no tinc certificat de cap mena. Vot de simpatitzant.<\/p>\n<p>&#8211; Passaport i no tinc certificat de cap mena. Vot de simpatitzant.<\/p>\n<p>&#8211; Passaport estranger. Vot de simpatitzant.<\/p>\n<p>&#8211; Carnet de conduir d&#8217;algun estat de EEUU. Vot de simpatitzant.<\/p>\n<p><b><i>&nbsp;<\/i><\/b><\/p>\n<p>Aprofito per recordar-vos que aquesta campanya i el referendum del 9N son coses diferents. Amb aquestes signatures estem exercint el nostre dret a demanar un referendum, i al mateix temps, estem expressant la nostra voluntat de que Catalunya esdevingui un estat independent en cas de que no es pugui celebrar dit referendum. Aqu\u00ed hi ha un petit v\u00eddeo que ho explica: <a href=\"http:\/\/signa.assemblea.cat\/eines\/\" target=\"_blank\" rel=\"noopener\">http:\/\/signa.assemblea.cat\/<wbr>eines\/<\/a><\/p>\n<p>Salutacions,<\/p>\n<p>ANC USA-Calif\u00f2rnia<\/p>\n<p>https:\/\/www.facebook.com\/<wbr>ANCCalifornia<\/p>\n<p>http:\/\/catalanassembly.org\/<\/p>\n","protected":false},"excerpt":{"rendered":"<p>A L&#8217;APLEC PODR\u00c0S SIGNAR UN VOT PER LA INDEPEND\u00c8NCIA. &nbsp; &nbsp; &nbsp; &nbsp; &nbsp; &nbsp; &nbsp; Hola, Us informo que de cara a la campanya de recollida de signatures, caldra que la gent porti DNI o passaport. Tot i aixi &hellip; <a href=\"https:\/\/misideas.net\/?p=534\">Continue reading <span class=\"meta-nav\">&rarr;<\/span><\/a><\/p>\n","protected":false},"author":3,"featured_media":0,"comment_status":"closed","ping_status":"closed","sticky":false,"template":"","format":"standard","meta":{"footnotes":""},"categories":[18],"tags":[],"class_list":["post-534","post","type-post","status-publish","format-standard","hentry","category-18"],"_links":{"self":[{"href":"https:\/\/misideas.net\/index.php?rest_route=\/wp\/v2\/posts\/534","targetHints":{"allow":["GET"]}}],"collection":[{"href":"https:\/\/misideas.net\/index.php?rest_route=\/wp\/v2\/posts"}],"about":[{"href":"https:\/\/misideas.net\/index.php?rest_route=\/wp\/v2\/types\/post"}],"author":[{"embeddable":true,"href":"https:\/\/misideas.net\/index.php?rest_route=\/wp\/v2\/users\/3"}],"replies":[{"embeddable":true,"href":"https:\/\/misideas.net\/index.php?rest_route=%2Fwp%2Fv2%2Fcomments&post=534"}],"version-history":[{"count":10,"href":"https:\/\/misideas.net\/index.php?rest_route=\/wp\/v2\/posts\/534\/revisions"}],"predecessor-version":[{"id":1455,"href":"https:\/\/misideas.net\/index.php?rest_route=\/wp\/v2\/posts\/534\/revisions\/1455"}],"wp:attachment":[{"href":"https:\/\/misideas.net\/index.php?rest_route=%2Fwp%2Fv2%2Fmedia&parent=534"}],"wp:term":[{"taxonomy":"category","embeddable":true,"href":"https:\/\/misideas.net\/index.php?rest_route=%2Fwp%2Fv2%2Fcategories&post=534"},{"taxonomy":"post_tag","embeddable":true,"href":"https:\/\/misideas.net\/index.php?rest_route=%2Fwp%2Fv2%2Ftags&post=534"}],"curies":[{"name":"wp","href":"https:\/\/api.w.org\/{rel}","templated":true}]}}