{"id":512,"date":"2014-03-20T11:03:59","date_gmt":"2014-03-20T18:03:59","guid":{"rendered":"http:\/\/www.casalcatalalosangeles.org\/?p=512"},"modified":"2024-08-08T12:34:11","modified_gmt":"2024-08-08T19:34:11","slug":"augment-historic-de-catalans-residents-a-lestranger-el-2013","status":"publish","type":"post","link":"https:\/\/misideas.net\/?p=512","title":{"rendered":"AUGMENT HIST\u00d2RIC DE CATALANS RESIDENTS A L&#8217;ESTRANGER EL 2013"},"content":{"rendered":"<div>Benvolguts \/benvolgudes,<\/div>\n<div>\n<div><\/div>\n<div>Us fem a mans&nbsp;adjunt un&nbsp;comunicat de la Federaci\u00f3 Internacional d&#8217;Entitats Catalanes (FIEC) en que us presentem les darreres dades sobre els catalans residents a l&#8217;exterior i enregistrats als consolats segons el PERE (Padr\u00f3n de Espa\u00f1oles Residentes en el Extranjero) que ha publicat avui dia 20 de mar\u00e7.<\/div>\n<ul>\n<li>Segons les dades de l&#8217;INE, un total de 221.444 catalans estan inscrits als consolats espanyols d\u2019arreu del m\u00f3n (la xifra d\u2019espanyols inscrits s\u2019eleva a 2.058.048 i ultrapassa per primera vegada els dos milions de residents).<\/li>\n<\/ul>\n<div>\n<ul>\n<li>Un augment de 18.194 persones en un any (el +8,9%), entre 2012 i 2013<\/li>\n<\/ul>\n<\/div>\n<div>\n<ul>\n<li>El grup dels menors de 16 anys representa el 19,1% a 2014 el que sembla indicar que l\u2019emigraci\u00f3 afecta, cada cop m\u00e9s, fam\u00edlies senceres<\/li>\n<\/ul>\n<\/div>\n<div>\n<ul>\n<li>Els catalans enregistrats es distribueixen per Am\u00e8rica (111.482), Europa (99.985), \u00c0sia (5.330), \u00c0frica (2.441) i Oceania (2.206)<\/li>\n<\/ul>\n<\/div>\n<div>\n<ul>\n<li>A 1er de Febrer de 2014, el nombre d\u2019inscrits catalans al CERA, majors de 18 anys i amb dret de vot, se situa en 174.279<\/li>\n<\/ul>\n<\/div>\n<div>\n<ul>\n<li>El Govern catal\u00e0 acaba d\u2019obrir un proc\u00e9s de consulta p\u00fablica per a la creaci\u00f3 del &#8216;Registre de Catalans i Catalanes Residents a l&#8217;Estranger&#8217;.<\/li>\n<\/ul>\n<\/div>\n<div><\/div>\n<div><\/div>\n<div><\/div>\n<div>Secretaria de la Federaci\u00f3 Internacional d\u2019Entitats Catalanes<\/div>\n<div><a href=\"Augment hist\u00f2ric de catalans residents a l'estranger el 2013\" target=\"_blank\" rel=\"noopener\">www.fiecweb.cat<\/a><\/div>\n<div>fiec@fiecweb.cat<\/div>\n<div>Facebook: <a href=\"http:\/\/www.facebook.com\/#!\/pages\/Federaci%C3%B3InternacionaldEntitats-Catalanes-FIEC\/320516139060?fref=ts\" target=\"_blank\" rel=\"noopener\">http:\/\/www.facebook.com\/#!\/<wbr>pages\/Federaci%C3%<wbr>B3InternacionaldEntitats-<wbr>Catalanes-FIEC\/320516139060?<wbr>fref=ts<\/a><\/div>\n<div>Twitter: @FIEC1<\/div>\n<div>Tel\u00e8fon: <a href=\"tel:%2B34-934123294\" target=\"_blank\" rel=\"noopener\">+34-934123294<\/a><\/div>\n<\/div>\n","protected":false},"excerpt":{"rendered":"<p>Benvolguts \/benvolgudes, Us fem a mans&nbsp;adjunt un&nbsp;comunicat de la Federaci\u00f3 Internacional d&#8217;Entitats Catalanes (FIEC) en que us presentem les darreres dades sobre els catalans residents a l&#8217;exterior i enregistrats als consolats segons el PERE (Padr\u00f3n de Espa\u00f1oles Residentes en el &hellip; <a href=\"https:\/\/misideas.net\/?p=512\">Continue reading <span class=\"meta-nav\">&rarr;<\/span><\/a><\/p>\n","protected":false},"author":3,"featured_media":0,"comment_status":"closed","ping_status":"closed","sticky":false,"template":"","format":"standard","meta":{"footnotes":""},"categories":[18],"tags":[],"class_list":["post-512","post","type-post","status-publish","format-standard","hentry","category-18"],"_links":{"self":[{"href":"https:\/\/misideas.net\/index.php?rest_route=\/wp\/v2\/posts\/512","targetHints":{"allow":["GET"]}}],"collection":[{"href":"https:\/\/misideas.net\/index.php?rest_route=\/wp\/v2\/posts"}],"about":[{"href":"https:\/\/misideas.net\/index.php?rest_route=\/wp\/v2\/types\/post"}],"author":[{"embeddable":true,"href":"https:\/\/misideas.net\/index.php?rest_route=\/wp\/v2\/users\/3"}],"replies":[{"embeddable":true,"href":"https:\/\/misideas.net\/index.php?rest_route=%2Fwp%2Fv2%2Fcomments&post=512"}],"version-history":[{"count":7,"href":"https:\/\/misideas.net\/index.php?rest_route=\/wp\/v2\/posts\/512\/revisions"}],"predecessor-version":[{"id":1440,"href":"https:\/\/misideas.net\/index.php?rest_route=\/wp\/v2\/posts\/512\/revisions\/1440"}],"wp:attachment":[{"href":"https:\/\/misideas.net\/index.php?rest_route=%2Fwp%2Fv2%2Fmedia&parent=512"}],"wp:term":[{"taxonomy":"category","embeddable":true,"href":"https:\/\/misideas.net\/index.php?rest_route=%2Fwp%2Fv2%2Fcategories&post=512"},{"taxonomy":"post_tag","embeddable":true,"href":"https:\/\/misideas.net\/index.php?rest_route=%2Fwp%2Fv2%2Ftags&post=512"}],"curies":[{"name":"wp","href":"https:\/\/api.w.org\/{rel}","templated":true}]}}