{"id":236,"date":"2013-07-23T15:58:38","date_gmt":"2013-07-23T22:58:38","guid":{"rendered":"http:\/\/www.casalcatalalosangeles.org\/?p=236"},"modified":"2024-08-08T12:29:05","modified_gmt":"2024-08-08T19:29:05","slug":"cau","status":"publish","type":"post","link":"https:\/\/misideas.net\/?p=236","title":{"rendered":"CAU"},"content":{"rendered":"<p>El dissabte dia 22 de Juny ens v\u00e0rem reunir unes quantes mares: La Karina, l\u2019Estrella, l\u2019Ornel.la i la Laia. V\u00e0rem decidir que formar\u00edem un cau per la mainada i que a partir del mes de setembre ens trobar\u00edem el primer dissabte de cada mes de 10:00-12:00. Tamb\u00e9 v\u00e0rem decidir que cada mes, un pare\/mare seria responsable d\u2019organitzar una activitat cultural catalana (relacionada amb aquell mes) i que ens trobar\u00edem a casa d\u2019aquell pare\/mare que organitz\u00e9s l\u2019activitat. En cas que els encarregats d\u2019organitzar l\u2019activitat no tinguessin prou espai es podria organitzar l\u2019activitat a casa d\u2019altres membres del cau. I sempre queda com a alternativa la casa de la Laia ja que hi ha un jard\u00ed gran pels nens.<br \/>\nV\u00e0rem decidir que comen\u00e7ar\u00edem el mes de setembre.<\/p>\n<p>Les seg\u00fcents mares s\u2019ocuparien d\u2019una activitat:<\/p>\n<p>Setembre: Karina-San Pedro<br \/>\nOctubre: Estrella- San Pedro<br \/>\nNovembre: Ornel.la- Buena Park<br \/>\nDesembre- Laia -LongBeach<\/p>\n<p>Tamb\u00e9 es va dir que si cal el pare\/mare pot demanar ajuda per organitzar l\u2019activitat. \u00c9s important tenir en compte que no tots els pares\/mares interessats\/des varen poder participar en aquesta reuni\u00f3. Ens podem comunicar per internet i fer canvis. Ens agradaria saber l\u2019opini\u00f3 de tots els pares\/mares interessats\/es. Si ets un pare\/mare interessat\/da en el cau, respon a aquest email i digues la teva opini\u00f3 i sisplau, feu c\u00f3rrer la veu.<br \/>\n<a href=\"\" target=\"_blank\" rel=\"noopener\">laiavicensfuste@hotmail.com<\/a> o <a href=\"ornellatorralba@gmail.com\" target=\"_blank\" rel=\"noopener\">ornellatorralba@gmail.com<\/a><\/p>\n<p>Gr\u00e0cies.<\/p>\n<p>Laia i Ornel.la<\/p>\n<p><em><span style=\"color: #808080;\">On Saturday June 22nd, some of the mothers interested in forming a children\u2019s club (cau) had a meeting (Karina, Estrella, Ornel.la and Laia). We decided we would organize a \u201ccau\u201d and that we would met the first Saturday of every month from 10:00-12:00 starting the month of September. We also decided that every month, one parent would be in charge of organizing a cultural activity (related to that month) and that we would meet at the home of the parent organizing the activity. We talked about the fact that if that parent does not have enough space at his or her home, he or she can ask other parents to host the event at their home. We also talked about Laia\u2019s home having a nice and big garden and\u00a0 always being an option for hosting the activity.<\/span><\/em><br \/>\n<em><span style=\"color: #808080;\">We decided that starting the month of September, the following parents would be in charge of the activities for each month:<\/span><\/em><\/p>\n<p><em><span style=\"color: #808080;\">September: Karina-San Pedro<\/span><\/em><br \/>\n<em><span style=\"color: #808080;\">October: Estrella- San Pedro<\/span><\/em><br \/>\n<em><span style=\"color: #808080;\">November: Ornel.la- Buena Park<\/span><\/em><br \/>\n<em><span style=\"color: #808080;\">December- Laia &#8211; Long Beach<\/span><\/em><\/p>\n<p><em><span style=\"color: #808080;\">Also,\u00a0 parents organizing the activity should feel free to ask for help to the others parents, in case they need it.<\/span><\/em><\/p>\n<p><em><span style=\"color: #808080;\">It is important to keep in mind that not all the parents interested in forming\u00a0 a\u201dcau\u201d came to the meeting. We can communicate with each other via internet and make any changes needed. If you are a parent interested in\u00a0 the \u201ccau\u201d please let us know your opinion and pass the word along.<\/span><\/em><br \/>\n<em><span style=\"color: #808080;\"><a href=\"laiavicensfuste@hotmail.com\" target=\"_blank\" rel=\"noopener\">laiavicensfuste@hotmail.com<\/a> or <a href=\"ornellatorralba@gmail.com\" target=\"_blank\" rel=\"noopener\">ornellatorralba@gmail.com<\/a><\/span><\/em><\/p>\n<p><em><span style=\"color: #808080;\">Thank you<\/span><\/em><\/p>\n<p><em><span style=\"color: #808080;\">Laia and Ornel.la<\/span><\/em><\/p>\n","protected":false},"excerpt":{"rendered":"<p>El dissabte dia 22 de Juny ens v\u00e0rem reunir unes quantes mares: La Karina, l\u2019Estrella, l\u2019Ornel.la i la Laia. V\u00e0rem decidir que formar\u00edem un cau per la mainada i que a partir del mes de setembre ens trobar\u00edem el primer &hellip; <a href=\"https:\/\/misideas.net\/?p=236\">Continue reading <span class=\"meta-nav\">&rarr;<\/span><\/a><\/p>\n","protected":false},"author":3,"featured_media":0,"comment_status":"closed","ping_status":"closed","sticky":false,"template":"","format":"standard","meta":{"footnotes":""},"categories":[17],"tags":[],"class_list":["post-236","post","type-post","status-publish","format-standard","hentry","category-17"],"_links":{"self":[{"href":"https:\/\/misideas.net\/index.php?rest_route=\/wp\/v2\/posts\/236","targetHints":{"allow":["GET"]}}],"collection":[{"href":"https:\/\/misideas.net\/index.php?rest_route=\/wp\/v2\/posts"}],"about":[{"href":"https:\/\/misideas.net\/index.php?rest_route=\/wp\/v2\/types\/post"}],"author":[{"embeddable":true,"href":"https:\/\/misideas.net\/index.php?rest_route=\/wp\/v2\/users\/3"}],"replies":[{"embeddable":true,"href":"https:\/\/misideas.net\/index.php?rest_route=%2Fwp%2Fv2%2Fcomments&post=236"}],"version-history":[{"count":7,"href":"https:\/\/misideas.net\/index.php?rest_route=\/wp\/v2\/posts\/236\/revisions"}],"predecessor-version":[{"id":1430,"href":"https:\/\/misideas.net\/index.php?rest_route=\/wp\/v2\/posts\/236\/revisions\/1430"}],"wp:attachment":[{"href":"https:\/\/misideas.net\/index.php?rest_route=%2Fwp%2Fv2%2Fmedia&parent=236"}],"wp:term":[{"taxonomy":"category","embeddable":true,"href":"https:\/\/misideas.net\/index.php?rest_route=%2Fwp%2Fv2%2Fcategories&post=236"},{"taxonomy":"post_tag","embeddable":true,"href":"https:\/\/misideas.net\/index.php?rest_route=%2Fwp%2Fv2%2Ftags&post=236"}],"curies":[{"name":"wp","href":"https:\/\/api.w.org\/{rel}","templated":true}]}}