{"id":225,"date":"2013-07-23T11:39:48","date_gmt":"2013-07-23T18:39:48","guid":{"rendered":"http:\/\/www.casalcatalalosangeles.org\/?p=225"},"modified":"2024-08-08T12:29:05","modified_gmt":"2024-08-08T19:29:05","slug":"catalan-society-of-sociolinguistics","status":"publish","type":"post","link":"https:\/\/misideas.net\/?p=225","title":{"rendered":"CATALAN SOCIETY OF SOCIOLINGUISTICS"},"content":{"rendered":"<p>Benvolguts socis,<\/p>\n<p>Us enviem aquesta declaraci\u00f3 de la Societat Catalana de Socioling\u00fc\u00edstica<br \/>\nsobre les ofensives contra la llengua catalana.<\/p>\n<p>Salutacions,<\/p>\n<p>Edgar<\/p>\n<p>Dear all,<\/p>\n<p>I am the president of the Catalan Society of Sociolinguistics (<br \/>\n<a href=\"http:\/\/blogs.iec.cat\/socs\/\" target=\"_blank\" rel=\"noopener\">http:\/\/blogs.iec.cat\/socs\/<\/a> ). Our executive board has felt it necessary to inform<br \/>\nlinguists and social scientists around the globe about developments in Spain<br \/>\nin relation to language policies. We denounce the renewed persecution of<br \/>\nthe Catalan language by Spanish authorities, and we attach a declaration<br \/>\nproviding the details of the matter.<\/p>\n<p>You are probably aware that Spain outlawed the use of Catalan for many<br \/>\ncenturies up until 1980 in a bid to create cultural uniformity within the<br \/>\ncountry. The memory of General Franco\u2019s dictatorship is still fresh amongst<br \/>\nmost Catalan adults. And there are good reasons to believe that the current<br \/>\nauthorities may seek to achieve the same goals through less violent means<br \/>\nby taking advantage of the fact that Catalan speakers are demographically in<br \/>\nthe minority. During the last few years, Spanish authorities have<br \/>\nconducted a sustained strategy to decrease education in Catalan, prevent media<br \/>\ncirculation and broadcasting and even create ad hoc regional standards to<br \/>\ndivide the community. Such behavior is not deemed acceptable by the<br \/>\ninternational community and is in contravention of UNESCO\u2019s fundamental principles as<br \/>\nwell as the Convention for the Safeguarding of the Intangible Cultural<br \/>\nHeritage, the European Charter for Regional or Minority Languages, and the<br \/>\nFramework Convention for the Protection of National Minorities, all of which<br \/>\nSpain has signed.<\/p>\n<p>We would be thankful if you could do everything in your power to<br \/>\ndisseminate our declaration and\/or its contents. There are a number of ways in which<br \/>\nwe would appreciate your help:<\/p>\n<p>Publish the declaration in your journal or e-mail list.<br \/>\nSend a letter to UNESCO or the Council of Europe expressing your concern<br \/>\n(a letter template is attached)<br \/>\nForward the declaration to colleagues you believe may be especially<br \/>\ninterested in this issue. We hope this letter provides an early warning before<br \/>\nthe situation in Spain deteriorates and develops in loss of cultural and human<br \/>\nrights in a way that may send a poor signal to all the countries and<br \/>\norganizations that are working for a future of peace, prosperity and equality.<\/p>\n<p>Yours sincerely,<\/p>\n<p>Joan Pujolar<\/p>\n<p>President<\/p>\n<p>Societat Catalana de Socioling\u00fc\u00edstica<\/p>\n<p>Institut d\u2019Estudis Catalans<\/p>\n<p>C.\/ Carme 47<\/p>\n<p>08001 Barcelona<\/p>\n<p>&#8212;<\/p>\n<p>Joan Pujolar Cos<br \/>\nProfessor de llengua i literatura catalanes<br \/>\nEstudis d\u2019Arts i Humanitats<br \/>\nUniversitat Oberta de Catalunya<\/p>\n<p>93 254 (2121) |<a href=\" jpujolar@uoc.edu\" target=\"_blank\" rel=\"noopener\"> jpujolar@uoc.edu<\/a><br \/>\nTibidabo 2 (Av. Tibidabo 39-43 C.P.08035)<br \/>\nCurriculum Vitae:<br \/>\n<a href=\"http:\/\/www.uoc.edu\/webs\/jpujolar\/CA\/curriculum\/index.html\" target=\"_blank\" rel=\"noopener\">http:\/\/www.uoc.edu\/webs\/jpujolar\/CA\/curriculum\/index.html<\/a><br \/>\nGrup de Recerca IdentiCat: <a href=\"http:\/\/blogs1.uoc.es\/identicat\/\" target=\"_blank\" rel=\"noopener\">http:\/\/blogs1.uoc.es\/identicat\/<\/a><\/p>\n","protected":false},"excerpt":{"rendered":"<p>Benvolguts socis, Us enviem aquesta declaraci\u00f3 de la Societat Catalana de Socioling\u00fc\u00edstica sobre les ofensives contra la llengua catalana. Salutacions, Edgar Dear all, I am the president of the Catalan Society of Sociolinguistics ( http:\/\/blogs.iec.cat\/socs\/ ). Our executive board has &hellip; <a href=\"https:\/\/misideas.net\/?p=225\">Continue reading <span class=\"meta-nav\">&rarr;<\/span><\/a><\/p>\n","protected":false},"author":3,"featured_media":0,"comment_status":"closed","ping_status":"closed","sticky":false,"template":"","format":"standard","meta":{"footnotes":""},"categories":[17],"tags":[],"class_list":["post-225","post","type-post","status-publish","format-standard","hentry","category-17"],"_links":{"self":[{"href":"https:\/\/misideas.net\/index.php?rest_route=\/wp\/v2\/posts\/225","targetHints":{"allow":["GET"]}}],"collection":[{"href":"https:\/\/misideas.net\/index.php?rest_route=\/wp\/v2\/posts"}],"about":[{"href":"https:\/\/misideas.net\/index.php?rest_route=\/wp\/v2\/types\/post"}],"author":[{"embeddable":true,"href":"https:\/\/misideas.net\/index.php?rest_route=\/wp\/v2\/users\/3"}],"replies":[{"embeddable":true,"href":"https:\/\/misideas.net\/index.php?rest_route=%2Fwp%2Fv2%2Fcomments&post=225"}],"version-history":[{"count":6,"href":"https:\/\/misideas.net\/index.php?rest_route=\/wp\/v2\/posts\/225\/revisions"}],"predecessor-version":[{"id":1429,"href":"https:\/\/misideas.net\/index.php?rest_route=\/wp\/v2\/posts\/225\/revisions\/1429"}],"wp:attachment":[{"href":"https:\/\/misideas.net\/index.php?rest_route=%2Fwp%2Fv2%2Fmedia&parent=225"}],"wp:term":[{"taxonomy":"category","embeddable":true,"href":"https:\/\/misideas.net\/index.php?rest_route=%2Fwp%2Fv2%2Fcategories&post=225"},{"taxonomy":"post_tag","embeddable":true,"href":"https:\/\/misideas.net\/index.php?rest_route=%2Fwp%2Fv2%2Ftags&post=225"}],"curies":[{"name":"wp","href":"https:\/\/api.w.org\/{rel}","templated":true}]}}