{"id":15,"date":"2013-04-25T12:12:50","date_gmt":"2013-04-25T19:12:50","guid":{"rendered":"http:\/\/www.casalcatalalosangeles.org\/?p=15"},"modified":"2024-08-08T12:29:05","modified_gmt":"2024-08-08T19:29:05","slug":"dia-internacional-de-la-catalunya-exterior-2013","status":"publish","type":"post","link":"https:\/\/misideas.net\/?p=15","title":{"rendered":"DIA INTERNACIONAL DE LA CATALUNYA EXTERIOR 2013"},"content":{"rendered":"<p><a href=\"https:\/\/misideas.net\/wp-content\/uploads\/2013\/04\/Cartell-Dia-Internacional-de-la-Catalunya-Exterior-2013-Xavier-Mariscal.jpg\"><img loading=\"lazy\" decoding=\"async\" class=\"alignleft size-full wp-image-14\" alt=\"Cartell Dia Internacional de la Catalunya Exterior 2013 - Xavier Mariscal\" src=\"https:\/\/misideas.net\/wp-content\/uploads\/2013\/04\/Cartell-Dia-Internacional-de-la-Catalunya-Exterior-2013-Xavier-Mariscal.jpg\" width=\"1404\" height=\"1984\" srcset=\"https:\/\/misideas.net\/wp-content\/uploads\/2013\/04\/Cartell-Dia-Internacional-de-la-Catalunya-Exterior-2013-Xavier-Mariscal.jpg 1404w, https:\/\/misideas.net\/wp-content\/uploads\/2013\/04\/Cartell-Dia-Internacional-de-la-Catalunya-Exterior-2013-Xavier-Mariscal-212x300.jpg 212w, https:\/\/misideas.net\/wp-content\/uploads\/2013\/04\/Cartell-Dia-Internacional-de-la-Catalunya-Exterior-2013-Xavier-Mariscal-724x1024.jpg 724w\" sizes=\"auto, (max-width: 1404px) 100vw, 1404px\" \/><\/a><\/p>\n<h3><strong>Diumenge se celebra el Dia Internacional de la Catalunya Exterior<\/strong><\/h3>\n<h3><strong>Barcelona, 24-04-2013<\/strong><\/h3>\n<p>Amb l&#8217;objectiu de recordar els centenars de milers de catalans que viuen fora del pa\u00eds, diumenge vinent, dia 28 d\u2019abril, se celebra el Dia Internacional de la Catalunya Exterior 2013.<\/p>\n<p>El Dia Internacional de la Catalunya Exterior \u00e9s una iniciativa de la Federaci\u00f3 Internacional d&#8217;Entitats Catalanes (FIEC), que agrupa a una gran part de centres, casals i associacions catalanes de l&#8217;exterior. En la Trobada de Casals Catalans del Con Sud d\u2019Am\u00e8rica, celebrada el 1997 a la ciutat argentina de Mendoza, la FIEC va presentar la proposta d\u2019instituir aquesta Diada. La proposta fou aprovada majorit\u00e0riament, tant per les comunitats catalanes d\u2019Am\u00e8rica com per les d\u2019Europa i la resta del m\u00f3n. El 1998 se celebr\u00e0 per primera vegada el Dia Internacional de la Catalunya Exterior.<\/p>\n<p>El 4 de mar\u00e7 de 1999, el Parlament de Catalunya va aprovar una resoluci\u00f3 que declarava oficial la Diada, amb el seg\u00fcent text: &#8220;El Parlament de Catalunya insta al Govern a establir oficialment la celebraci\u00f3 del Dia Internacional de la Catalunya Exterior per Sant Jordi, o el primer diumenge despr\u00e9s de Sant Jordi, si aquesta diada no s&#8217;escau en diumenge, i en el marc de les seves compet\u00e8ncies, a donar relleu p\u00fablic a aquesta celebraci\u00f3&#8221;. En aquest sentit, el Govern de Catalunya, en la seva reuni\u00f3 del dia 6 d\u2019abril del mateix any 1999, va adoptar l\u2019acord de declaraci\u00f3 oficial d\u2019aquesta Diada.<\/p>\n<p>Des de la creaci\u00f3 del Dia Internacional de la Catalunya Exterior, la FIEC editada cada any un cartell commemoratiu. Enguany, el cartell \u00e9s obra de Javier Mariscal, un dels dissenyadors catalans de m\u00e9s prestigi arreu del m\u00f3n, que ha cedit de manera altruista el seu disseny a la FIEC. Per a la FIEC constitueix un motiu de leg\u00edtim orgull que grans artistes com T\u00e0pies, R\u00e0fols Casamada, Guinovart, etc. i ara Mariscal hagin cedit dissenys a la FIEC com a forma d&#8217;expressar la seva solidaritat i respecte per la Catalunya Exterior.<\/p>\n<p>En les edicions anteriors, el cartell commemoratiu del Dia Internacional de la Catalunya Exterior ha estat elaborat pels artistes R\u00e0fols Casamada (1998), Antoni Clav\u00e9 (1999), Josep Guinovart (2000), Chantal Ripol (2001), Roser Capdevila (2002), Sergi Mas (2003), Maria Girona (2004), Pilar Alf\u00e9rez Pin\u00f3s (2005), Antoni T\u00e0pies (2006), N\u00faria Mu\u00f1oz Ginesta (2007), Carles Ballesteros (2008), Maria Andrews (2009), Mauricio Vicente (2010), Ant\u00f2nia Sopl\u00f3n (2011) i Nani Navarro (2012).<\/p>\n<p>Per a la FIEC, enguany, el Dia Internacional de la Catalunya Exterior ve clarament marcat per les seg\u00fcents iniciatives en curs:<\/p>\n<p>1) Millorar la qualitat democr\u00e0tica pels catalans residents a l&#8217;exterior. Des de la FIEC s&#8217;han multiplicat les iniciatives per a promoure una reforma de la LOREG (Llei org\u00e0nica de r\u00e8gim electoral general) que acabi amb desastres de participaci\u00f3 electoral i restricci\u00f3 de drets democr\u00e0tics com en les darreres eleccions al Parlament de Catalunya on nom\u00e9s el 6,72% dels catalans residents a l&#8217;exterior van poder emetre el seu vot. Ens congratulem del comprom\u00eds dels diputats catalans a Madrid (de tots els grups sense excepci\u00f3) de donar suport a una reforma de la LOREG que acabi amb el denominat &#8216;voto rogado&#8217;.<\/p>\n<p>2) En la mateixa l\u00ednia de millora de la qualitat democr\u00e0tica, la FIEC ha instat als grups parlamentaris al Parlament de Catalunya a modificar l&#8217;avantprojecte en discussi\u00f3 sobre la Llei de Consultes No Referend\u00e0ries de forma que els catalans de l&#8217;exterior puguin votar en una eventual consulta promoguda des del Govern catal\u00e0. Malauradament la receptivitat els grups parlamentaris a aquesta justificada i democr\u00e0tica demanda ha estat molt pobre at\u00e8s que semblen preferir diferenciar refer\u00e8ndum de consulta deixant fora als catalans de l&#8217;exterior que formem part del cens i no dels padrons municipals. No volem ser la moneda de canvi entre el Govern de l&#8217;Estat i el de Catalunya en una suposada aprovaci\u00f3 no conflictiva de la Llei de Consultes.<\/p>\n<p>3) Millorar la orientaci\u00f3, l&#8217;acolliment i les oportunitats pels milers de catalans que estan marxant cap a l&#8217;exterior. M\u00e9s de 36.000 catalans han abandonat Catalunya des del comen\u00e7ament de la crisi (a falta de les dades oficials finals de 2012). Les comunitats catalanes de l&#8217;exterior s&#8217;estan convertint, principalment a Europa, en punts d&#8217;acollida i informaci\u00f3 per a molts d&#8217;aquests catalans. Tot aix\u00f2 sense que des de Catalunya es vulgui ni recon\u00e8ixer la import\u00e0ncia del fenomen ni prestar suport a tota aquesta estructura d&#8217;acolliment volunt\u00e0ria que s&#8217;ha hagut de posar en marxa des de moltes comunitats catalanes de l&#8217;exterior. La sortida de catalans cap a l&#8217;exterior \u00e9s una situaci\u00f3 destinada a durar i cap eufemisme (mobilitat volunt\u00e0ria, curtes estades per millorar les lleng\u00fces, etc.) no en canviar\u00e0 la seva naturalesa ni les dificultats que sempre comporta la dif\u00edcil decisi\u00f3 d&#8217;emigrar especialment pel grup que ho fa amb qualificaci\u00f3 baixa i en situaci\u00f3 d&#8217;exhauriment de drets socials a Catalunya.<\/p>\n<p>4) Finalment, el primer de maig de 2013 es complir\u00e0 un any de la lamentable decisi\u00f3 de la Corporaci\u00f3 Catalana de Mitjans Audiovisuals de tancar les emissions de TV3CAT. Cap de les suposades mesures per a obrir vies alternatives per a la recepci\u00f3 de la TV Catalana per sat\u00e8l\u00b7lit a l&#8217;exterior ha estat implementada i la recepci\u00f3 pels canals existents (port\u00e0tils, IPad, etc.) continua sent molt pobre i inestable a la majoria de zones del m\u00f3n. Per a la FIEC continua essent una reivindicaci\u00f3 que el senyal sat\u00e8l\u00b7lit de TV3CAT pugui recuperar-se aix\u00ed que les circumst\u00e0ncies econ\u00f2miques ho permetin. No nom\u00e9s en l&#8217;inter\u00e8s dels catalans de l&#8217;exterior sin\u00f3 tamb\u00e9 en benefici de la projecci\u00f3 de la imatge de Catalunya per mitjans televisius normals, en un moment clau de la nostra hist\u00f2ria.<\/p>\n<p>Teniu m\u00e9s informaci\u00f3 a <a href=\"http:\/\/www.fiecweb.cat\" target=\"_blank\" rel=\"noopener\">www.fiecweb.cat<\/a>.<\/p>\n<p>Federaci\u00f3 Internacional d\u2019Entitats Catalanes<\/p>\n<p>FIEC<\/p>\n<p>Tel\u00e8fon: 934123294<\/p>\n<p><a>www.fiecweb.cat<\/a><\/p>\n<p><a>fiec@fiecweb.cat<\/a><\/p>\n","protected":false},"excerpt":{"rendered":"<p>Diumenge se celebra el Dia Internacional de la Catalunya Exterior Barcelona, 24-04-2013 Amb l&#8217;objectiu de recordar els centenars de milers de catalans que viuen fora del pa\u00eds, diumenge vinent, dia 28 d\u2019abril, se celebra el Dia Internacional de la Catalunya &hellip; <a href=\"https:\/\/misideas.net\/?p=15\">Continue reading <span class=\"meta-nav\">&rarr;<\/span><\/a><\/p>\n","protected":false},"author":3,"featured_media":0,"comment_status":"closed","ping_status":"closed","sticky":false,"template":"","format":"standard","meta":{"footnotes":""},"categories":[17],"tags":[],"class_list":["post-15","post","type-post","status-publish","format-standard","hentry","category-17"],"_links":{"self":[{"href":"https:\/\/misideas.net\/index.php?rest_route=\/wp\/v2\/posts\/15","targetHints":{"allow":["GET"]}}],"collection":[{"href":"https:\/\/misideas.net\/index.php?rest_route=\/wp\/v2\/posts"}],"about":[{"href":"https:\/\/misideas.net\/index.php?rest_route=\/wp\/v2\/types\/post"}],"author":[{"embeddable":true,"href":"https:\/\/misideas.net\/index.php?rest_route=\/wp\/v2\/users\/3"}],"replies":[{"embeddable":true,"href":"https:\/\/misideas.net\/index.php?rest_route=%2Fwp%2Fv2%2Fcomments&post=15"}],"version-history":[{"count":6,"href":"https:\/\/misideas.net\/index.php?rest_route=\/wp\/v2\/posts\/15\/revisions"}],"predecessor-version":[{"id":1427,"href":"https:\/\/misideas.net\/index.php?rest_route=\/wp\/v2\/posts\/15\/revisions\/1427"}],"wp:attachment":[{"href":"https:\/\/misideas.net\/index.php?rest_route=%2Fwp%2Fv2%2Fmedia&parent=15"}],"wp:term":[{"taxonomy":"category","embeddable":true,"href":"https:\/\/misideas.net\/index.php?rest_route=%2Fwp%2Fv2%2Fcategories&post=15"},{"taxonomy":"post_tag","embeddable":true,"href":"https:\/\/misideas.net\/index.php?rest_route=%2Fwp%2Fv2%2Ftags&post=15"}],"curies":[{"name":"wp","href":"https:\/\/api.w.org\/{rel}","templated":true}]}}