{"id":1409,"date":"2024-03-27T20:04:23","date_gmt":"2024-03-28T03:04:23","guid":{"rendered":"http:\/\/www.casalcatalalosangeles.org\/?p=1409"},"modified":"2024-03-27T20:04:23","modified_gmt":"2024-03-28T03:04:23","slug":"sessio-informativa-vot-exterior-eleccions-al-parlament-de-catalunya-del-12-de-maig","status":"publish","type":"post","link":"https:\/\/misideas.net\/?p=1409","title":{"rendered":"SESSI\u00d3 INFORMATIVA VOT EXTERIOR: ELECCIONS AL PARLAMENT DE CATALUNYA DEL 12 DE MAIG."},"content":{"rendered":"\n<h2 class=\"wp-block-heading\"> <\/h2>\n\n\n\n<figure class=\"wp-block-table\"><table><tbody><tr><td>Benvolgut, Benvolguda,&nbsp;<br>El Govern de la Generalitat de Catalunya organitza una sessi\u00f3 informativa en l\u00ednia per informar sobre el vot exterior a les eleccions al Parlament de Catalunya del 12 de maig.La sessi\u00f3, que tindr\u00e0 lloc<strong> el&nbsp;dia 2 d&#8217;abril a les 18.30h (hora catalana),<\/strong> es podr\u00e0 seguir des del&nbsp;<strong>canal de Youtube&nbsp;<\/strong>del Departament d&#8217;Acci\u00f3 Exterior i Uni\u00f3 Europea a trav\u00e9s d&#8217;aquest&nbsp;<a href=\"https:\/\/dgde.app.teenvio.cat\/v4\/public\/estadisticas\/link\/dgde\/382\/1\/16396\/fa60845ef73bee81a50d7da0e05a9f8b\/\" target=\"_blank\" rel=\"noreferrer noopener\">enlla\u00e7<\/a>. Tamb\u00e9 comptar\u00e0 amb un torn de preguntes que es podran formular al xat de YouTube.&nbsp;T&#8217;hi esperem!Aix\u00ed mateix, pots consultar tota la informaci\u00f3 relacionada amb el vot des de l\u2019estranger en aquest&nbsp;<a href=\"https:\/\/dgde.app.teenvio.cat\/v4\/public\/estadisticas\/link\/dgde\/382\/2\/16396\/fa60845ef73bee81a50d7da0e05a9f8b\/\" target=\"_blank\" rel=\"noreferrer noopener\">web<\/a>.<\/td><\/tr><\/tbody><\/table><\/figure>\n\n\n\n<figure class=\"wp-block-image\"><img decoding=\"async\" src=\"https:\/\/ci3.googleusercontent.com\/meips\/ADKq_NYFVgFppeUTuybvmRUJ0uDo_IdWIsu94x3tEqglmfX44FWILYMIQeCSRkWC7w6k2LVaib9JYhFtu6GlOL4xonQI8dyNZtIB2MFWnkAnSGSkOUBp3Z0mm31b1trGmrDdadA08AgCuve0zxf7=s0-d-e1-ft#https:\/\/dgde.app.teenvio.cat\/v3\/uploads\/dgde\/gestor-imagenes\/final_20961711457341.jpg\" alt=\"\"\/><\/figure>\n\n\n\n<figure class=\"wp-block-table\"><table><tbody><tr><td><\/td><\/tr><\/tbody><\/table><\/figure>\n","protected":false},"excerpt":{"rendered":"<p>Benvolgut, Benvolguda,&nbsp;El Govern de la Generalitat de Catalunya organitza una sessi\u00f3 informativa en l\u00ednia per informar sobre el vot exterior a les eleccions al Parlament de Catalunya del 12 de maig.La sessi\u00f3, que tindr\u00e0 lloc el&nbsp;dia 2 d&#8217;abril a les &hellip; <a href=\"https:\/\/misideas.net\/?p=1409\">Continue reading <span class=\"meta-nav\">&rarr;<\/span><\/a><\/p>\n","protected":false},"author":3,"featured_media":0,"comment_status":"closed","ping_status":"closed","sticky":true,"template":"","format":"standard","meta":{"footnotes":""},"categories":[16],"tags":[],"class_list":["post-1409","post","type-post","status-publish","format-standard","hentry","category-16"],"_links":{"self":[{"href":"https:\/\/misideas.net\/index.php?rest_route=\/wp\/v2\/posts\/1409","targetHints":{"allow":["GET"]}}],"collection":[{"href":"https:\/\/misideas.net\/index.php?rest_route=\/wp\/v2\/posts"}],"about":[{"href":"https:\/\/misideas.net\/index.php?rest_route=\/wp\/v2\/types\/post"}],"author":[{"embeddable":true,"href":"https:\/\/misideas.net\/index.php?rest_route=\/wp\/v2\/users\/3"}],"replies":[{"embeddable":true,"href":"https:\/\/misideas.net\/index.php?rest_route=%2Fwp%2Fv2%2Fcomments&post=1409"}],"version-history":[{"count":2,"href":"https:\/\/misideas.net\/index.php?rest_route=\/wp\/v2\/posts\/1409\/revisions"}],"predecessor-version":[{"id":1411,"href":"https:\/\/misideas.net\/index.php?rest_route=\/wp\/v2\/posts\/1409\/revisions\/1411"}],"wp:attachment":[{"href":"https:\/\/misideas.net\/index.php?rest_route=%2Fwp%2Fv2%2Fmedia&parent=1409"}],"wp:term":[{"taxonomy":"category","embeddable":true,"href":"https:\/\/misideas.net\/index.php?rest_route=%2Fwp%2Fv2%2Fcategories&post=1409"},{"taxonomy":"post_tag","embeddable":true,"href":"https:\/\/misideas.net\/index.php?rest_route=%2Fwp%2Fv2%2Ftags&post=1409"}],"curies":[{"name":"wp","href":"https:\/\/api.w.org\/{rel}","templated":true}]}}