{"id":1362,"date":"2023-03-22T11:10:56","date_gmt":"2023-03-22T18:10:56","guid":{"rendered":"http:\/\/www.casalcatalalosangeles.org\/?p=1362"},"modified":"2023-05-10T15:54:54","modified_gmt":"2023-05-10T22:54:54","slug":"vacances-en-familia","status":"publish","type":"post","link":"https:\/\/misideas.net\/?p=1362","title":{"rendered":"VACANCES EN FAM\u00cdLIA"},"content":{"rendered":"\n<p>Benvolguts i benvolgudes,<\/p>\n\n\n\n<p>Des del Servei d&#8217;Atenci\u00f3 a la Ciutadania a l&#8217;Exterior de la DG de la Catalunya Exterior ens posem en contacte amb vosaltres, entitats catalanes reconegudes, per a demanar la vostra col\u00b7laboraci\u00f3.<\/p>\n\n\n\n<p>Juntament amb l&#8217;Ag\u00e8ncia Catalana de la Joventut a partir d&#8217;aquest mes de mar\u00e7 podem oferir&nbsp;<strong><u>a les fam\u00edlies inscrites en el Registre<\/u><\/strong>&nbsp;la possibilitat d&#8217;accedir, en les mateixes condicions que les fam\u00edlies residents a Catalunya, al programa&nbsp;<a href=\"https:\/\/xanascat.gencat.cat\/ca\/programes\/vacances-en-familia\" target=\"_blank\" rel=\"noreferrer noopener\">VACANCES EN FAM\u00cdLIA<\/a>. La convocat\u00f2ria de preinscripci\u00f3 s&#8217;obrir\u00e0 el proper 27 de mar\u00e7.<\/p>\n\n\n\n<p>Per aix\u00f2, hem fet arribar a tots els inscrits la not\u00edcia que trobareu en el document adjunt.<\/p>\n\n\n\n<p>Per tal de difondre encara m\u00e9s la not\u00edcia del nou servei, us demanem si podeu fer difusi\u00f3 entre els vostres socis.<\/p>\n\n\n\n<p>En el document adjunt i en els enlla\u00e7os inclosos podreu trobar la informaci\u00f3 necess\u00e0ria. Restem a la vostra disposici\u00f3 per a qualsevol aclariment.<\/p>\n\n\n\n<p>Conchita Navarro<\/p>\n\n\n\n<p><a href=\"https:\/\/mcusercontent.com\/0f12caaf34b681301d56a3924\/files\/93dcc179-1f46-dfdd-e684-d723185fa6f6\/newsletter_VACANCES_EN_FAMI_LIA.01.pdf\">https:\/\/mcusercontent.com\/0f12caaf34b681301d56a3924\/files\/93dcc179-1f46-dfdd-e684-d723185fa6f6\/newsletter_VACANCES_EN_FAMI_LIA.01.pdf<\/a><\/p>\n","protected":false},"excerpt":{"rendered":"<p>Benvolguts i benvolgudes, Des del Servei d&#8217;Atenci\u00f3 a la Ciutadania a l&#8217;Exterior de la DG de la Catalunya Exterior ens posem en contacte amb vosaltres, entitats catalanes reconegudes, per a demanar la vostra col\u00b7laboraci\u00f3. Juntament amb l&#8217;Ag\u00e8ncia Catalana de la &hellip; <a href=\"https:\/\/misideas.net\/?p=1362\">Continue reading <span class=\"meta-nav\">&rarr;<\/span><\/a><\/p>\n","protected":false},"author":3,"featured_media":0,"comment_status":"closed","ping_status":"closed","sticky":false,"template":"","format":"standard","meta":{"footnotes":""},"categories":[14],"tags":[],"class_list":["post-1362","post","type-post","status-publish","format-standard","hentry","category-14"],"_links":{"self":[{"href":"https:\/\/misideas.net\/index.php?rest_route=\/wp\/v2\/posts\/1362","targetHints":{"allow":["GET"]}}],"collection":[{"href":"https:\/\/misideas.net\/index.php?rest_route=\/wp\/v2\/posts"}],"about":[{"href":"https:\/\/misideas.net\/index.php?rest_route=\/wp\/v2\/types\/post"}],"author":[{"embeddable":true,"href":"https:\/\/misideas.net\/index.php?rest_route=\/wp\/v2\/users\/3"}],"replies":[{"embeddable":true,"href":"https:\/\/misideas.net\/index.php?rest_route=%2Fwp%2Fv2%2Fcomments&post=1362"}],"version-history":[{"count":2,"href":"https:\/\/misideas.net\/index.php?rest_route=\/wp\/v2\/posts\/1362\/revisions"}],"predecessor-version":[{"id":1364,"href":"https:\/\/misideas.net\/index.php?rest_route=\/wp\/v2\/posts\/1362\/revisions\/1364"}],"wp:attachment":[{"href":"https:\/\/misideas.net\/index.php?rest_route=%2Fwp%2Fv2%2Fmedia&parent=1362"}],"wp:term":[{"taxonomy":"category","embeddable":true,"href":"https:\/\/misideas.net\/index.php?rest_route=%2Fwp%2Fv2%2Fcategories&post=1362"},{"taxonomy":"post_tag","embeddable":true,"href":"https:\/\/misideas.net\/index.php?rest_route=%2Fwp%2Fv2%2Ftags&post=1362"}],"curies":[{"name":"wp","href":"https:\/\/api.w.org\/{rel}","templated":true}]}}