{"id":1345,"date":"2022-11-16T21:43:57","date_gmt":"2022-11-17T05:43:57","guid":{"rendered":"http:\/\/www.casalcatalalosangeles.org\/?p=1345"},"modified":"2024-08-08T14:28:09","modified_gmt":"2024-08-08T21:28:09","slug":"taller-introductori-sobre-el-nou-sistema-de-vot-exterior","status":"publish","type":"post","link":"https:\/\/misideas.net\/?p=1345","title":{"rendered":"TALLER INTRODUCTORI SOBRE EL NOU SISTEMA DE VOT EXTERIOR"},"content":{"rendered":"\n<h1 class=\"wp-block-heading\"><strong>LA FIEC T&#8217;HO EXPLICA:<\/strong><\/h1>\n\n\n\n<h2 class=\"wp-block-heading\"><strong>Taller introductori sobre el nou sistema de vot exterior<br>Diumenge 20 de novembre de 2022 a les 16.30<\/strong><br><strong>(hora catalana)<\/strong><\/h2>\n\n\n\n<h2 class=\"wp-block-heading\">El proper diumenge dia 20 de novembre a les 16.30 (hora catalana) la FIEC (Federaci\u00f3 Internacional d&#8217;Entitats Catalanes) organitza un taller introductori sobre el nou sistema de vot exterior per Zoom, obert a tothom, sigueu on sigueu arreu del m\u00f3n, per a informar sobre la reforma de la LOREG (Llei org\u00e0nica de r\u00e8gim electoral general).<br><br>Es important que ateses les incerteses dels calendaris electorals a Catalunya i a l\u2019Estat Espanyol una possible convocat\u00f2ria anticipada d\u2019eleccions no ens agafi sense tenir una informaci\u00f3 de base per a poder exercir el nostre dret de vot despr\u00e9s dels anys dif\u00edcils que hem patit amb el sistema de \u2018voto rogado\u2019.<br><br>No \u00e9s la reforma ideal que molts hagu\u00e9ssim desitjat per\u00f2 ens obra unes grans possibilitats per a fer sentir la veu de la Catalunya Exterior.&nbsp;<br><br>Amb aquest primer taller volem obrir un cam\u00ed d\u2019informaci\u00f3, formaci\u00f3 de multiplicadors a escala local, etc. que ens permeti arribar a les futures convocat\u00f2ries electorals amb un m\u00ednim de preparaci\u00f3 i coneixement.<br><br>Us convidem a connectar-vos via<br><a href=\"https:\/\/us02web.zoom.us\/j\/86971095926?pwd=bEQ0THlsMUVmUkJWL3FkbHZJOHhwQT09\" target=\"_blank\" rel=\"noreferrer noopener\">https:\/\/us02web.zoom.us\/j\/86971095926?pwd=bEQ0THlsMUVmUkJWL3FkbHZJOHhwQT09<\/a><br>Meeting ID: 869 7109 5926<br>Passcode: 058639<br><br>Comptarem amb la participaci\u00f3 dels experts en vot exterior de la&nbsp;FIEC (Antoni Montserrat Moliner i Jordi Gairin), de Marea Granate (Berta Burguete) i de Catalans al M\u00f3n (Sergi Marz\u00e1bal).<br><\/h2>\n\n\n\n<h3 class=\"wp-block-heading\">Secretaria de la Federaci\u00f3 Internacional d\u2019Entitats Catalanes&nbsp; (FIEC)<br>Mail:&nbsp;<a href=\"mailto:fiec@fiecweb.cat\" target=\"_blank\" rel=\"noreferrer noopener\">fiec@fiecweb.cat<\/a><br>Web:&nbsp;<a href=\"https:\/\/www.fiecweb.cat\" target=\"_blank\" rel=\"noreferrer noopener\">https:\/\/www.fiecweb.cat<\/a><br>Facebook: <a href=\"http:\/\/shorturl.at\/dimBO\" target=\"_blank\" rel=\"noreferrer noopener\">shorturl.at\/dimBO<\/a><br>Twitter: <a href=\"http:\/\/@FIEC1\" target=\"_blank\" rel=\"noreferrer noopener\">@FIEC1<\/a><br>Instagram: <a href=\"http:\/\/fiec_cat\" target=\"_blank\" rel=\"noreferrer noopener\">fiec_cat<\/a><br>Telegram: t.me\/fiec_cat<br>Magazin quinzenal \u2018La FIEC t\u2019ho explica\u2019 a RAB<br>(R\u00e0dio Am\u00e8rica Barcelona)<br>Tel\u00e8fon: +34-934123294<\/h3>\n\n\n\n<h2 class=\"wp-block-heading\"><\/h2>\n\n\n\n<figure class=\"wp-block-image size-large\"><a href=\"https:\/\/misideas.net\/wp-content\/uploads\/2022\/11\/White-Simple-Thank-You-Instagram-Post-1.png\"><img loading=\"lazy\" decoding=\"async\" width=\"1024\" height=\"1024\" src=\"https:\/\/misideas.net\/wp-content\/uploads\/2022\/11\/White-Simple-Thank-You-Instagram-Post-1-1024x1024.png\" alt=\"\" class=\"wp-image-1346\" srcset=\"https:\/\/misideas.net\/wp-content\/uploads\/2022\/11\/White-Simple-Thank-You-Instagram-Post-1-1024x1024.png 1024w, https:\/\/misideas.net\/wp-content\/uploads\/2022\/11\/White-Simple-Thank-You-Instagram-Post-1-300x300.png 300w, https:\/\/misideas.net\/wp-content\/uploads\/2022\/11\/White-Simple-Thank-You-Instagram-Post-1-150x150.png 150w, https:\/\/misideas.net\/wp-content\/uploads\/2022\/11\/White-Simple-Thank-You-Instagram-Post-1-768x768.png 768w, https:\/\/misideas.net\/wp-content\/uploads\/2022\/11\/White-Simple-Thank-You-Instagram-Post-1.png 1080w\" sizes=\"auto, (max-width: 1024px) 100vw, 1024px\" \/><\/a><\/figure>\n","protected":false},"excerpt":{"rendered":"<p>LA FIEC T&#8217;HO EXPLICA: Taller introductori sobre el nou sistema de vot exteriorDiumenge 20 de novembre de 2022 a les 16.30(hora catalana) El proper diumenge dia 20 de novembre a les 16.30 (hora catalana) la FIEC (Federaci\u00f3 Internacional d&#8217;Entitats Catalanes) &hellip; <a href=\"https:\/\/misideas.net\/?p=1345\">Continue reading <span class=\"meta-nav\">&rarr;<\/span><\/a><\/p>\n","protected":false},"author":3,"featured_media":0,"comment_status":"closed","ping_status":"closed","sticky":false,"template":"","format":"standard","meta":{"footnotes":""},"categories":[15],"tags":[],"class_list":["post-1345","post","type-post","status-publish","format-standard","hentry","category-15"],"_links":{"self":[{"href":"https:\/\/misideas.net\/index.php?rest_route=\/wp\/v2\/posts\/1345","targetHints":{"allow":["GET"]}}],"collection":[{"href":"https:\/\/misideas.net\/index.php?rest_route=\/wp\/v2\/posts"}],"about":[{"href":"https:\/\/misideas.net\/index.php?rest_route=\/wp\/v2\/types\/post"}],"author":[{"embeddable":true,"href":"https:\/\/misideas.net\/index.php?rest_route=\/wp\/v2\/users\/3"}],"replies":[{"embeddable":true,"href":"https:\/\/misideas.net\/index.php?rest_route=%2Fwp%2Fv2%2Fcomments&post=1345"}],"version-history":[{"count":2,"href":"https:\/\/misideas.net\/index.php?rest_route=\/wp\/v2\/posts\/1345\/revisions"}],"predecessor-version":[{"id":1551,"href":"https:\/\/misideas.net\/index.php?rest_route=\/wp\/v2\/posts\/1345\/revisions\/1551"}],"wp:attachment":[{"href":"https:\/\/misideas.net\/index.php?rest_route=%2Fwp%2Fv2%2Fmedia&parent=1345"}],"wp:term":[{"taxonomy":"category","embeddable":true,"href":"https:\/\/misideas.net\/index.php?rest_route=%2Fwp%2Fv2%2Fcategories&post=1345"},{"taxonomy":"post_tag","embeddable":true,"href":"https:\/\/misideas.net\/index.php?rest_route=%2Fwp%2Fv2%2Ftags&post=1345"}],"curies":[{"name":"wp","href":"https:\/\/api.w.org\/{rel}","templated":true}]}}