{"id":1337,"date":"2022-08-17T09:37:02","date_gmt":"2022-08-17T16:37:02","guid":{"rendered":"http:\/\/www.casalcatalalosangeles.org\/?p=1337"},"modified":"2024-08-08T14:27:30","modified_gmt":"2024-08-08T21:27:30","slug":"pete-balsells","status":"publish","type":"post","link":"https:\/\/misideas.net\/?p=1337","title":{"rendered":"PETE BALSELLS"},"content":{"rendered":"\n<figure class=\"wp-block-image size-large\"><a href=\"https:\/\/misideas.net\/wp-content\/uploads\/2022\/08\/unnamed.jpg\"><img loading=\"lazy\" decoding=\"async\" width=\"1024\" height=\"929\" src=\"https:\/\/misideas.net\/wp-content\/uploads\/2022\/08\/unnamed-1024x929.jpg\" alt=\"\" class=\"wp-image-1338\" srcset=\"https:\/\/misideas.net\/wp-content\/uploads\/2022\/08\/unnamed-1024x929.jpg 1024w, https:\/\/misideas.net\/wp-content\/uploads\/2022\/08\/unnamed-300x272.jpg 300w, https:\/\/misideas.net\/wp-content\/uploads\/2022\/08\/unnamed-768x697.jpg 768w, https:\/\/misideas.net\/wp-content\/uploads\/2022\/08\/unnamed.jpg 1129w\" sizes=\"auto, (max-width: 1024px) 100vw, 1024px\" \/><\/a><figcaption class=\"wp-element-caption\">Foto cr\u00e8dit: Julius Klein 2002<\/figcaption><\/figure>\n\n\n\n<p>El dia 10 d\u2019Agost va morir en Pere (Pete) Balsells.<br>Dins del seu perfil d\u2019home creador, inventor i industrial va tamb\u00e9 trobar el temps d\u2019ajudar de forma molt important el Casal de Catalans de California, aix\u00f2 el va fer un Mecenes de la Cultura. Les Beques per estudiants catalans d\u2019enginyeria el convertiren en un Mecenes de la Educaci\u00f3. La recent ajuda a Catalunya en temps dif\u00edcils el convertiren en un Mecenes de la Llibertat. El trobarem a faltar!<\/p>\n\n\n\n<p>Descansi en Pau.<\/p>\n\n\n\n<p><strong>Casal dels Catalans de California<\/strong><br>Hi haur\u00e0 una cerim\u00f2nia en el seu honor i mem\u00f2ria el Dimecres 17 d\u2019Agost<\/p>\n\n\n\n<p><strong>Esdeveniment: Pete Balsells Ceremony &amp; Viewing<br>Dia: Wednesday, August 17th, 2022<br>Hora: 5:30 p.m. to 8:30 p.m. Pacific<br>Lloc: Pacific View Cemetery, Legacy Chapel,<br>3500 Pacific View Drive, Corona Del Mar CA 92625<\/strong><\/p>\n\n\n\n<p>Pere (Pete) Balsells passed away on August 10th, 2022<br>With a successful life as an inventor and industrial entrepreneur, he also found the time to help in very important ways the \u201cCasal dels Catalans de California\u201d, that made him a patron of Culture. The program of scholarships for Catalan engineering students made him a patron of education. His recent help to<br>Catalonia in difficult times made him a patron of Freedom. He will be missed!<\/p>\n\n\n\n<p>Rest in Peace<\/p>\n\n\n\n<p><strong>Casal dels Catalans de California<\/strong><br>A small ceremony will be held on Wednesday August 17 to honor him<\/p>\n\n\n\n<p><strong>Event: Pete Balsells Ceremony &amp; Viewing<br>Date: Wednesday, August 17th, 2022<br>Time: 5:30 p.m. to 8:30 p.m. Pacific<br>Place: Pacific View Cemetery, Legacy Chapel, 3500 Pacific View Drive, Corona Del Mar CA 92625<\/strong><\/p>\n\n\n\n<p><strong>BIOGRAFIA per Pere Garriga<\/strong><\/p>\n\n\n\n<p>El Pere Balsells ha mort enguany el 10 d&#8217;agost en un hospici de Lake Forrest del sud<br>de Calif\u00f2rnia als 94 anys. Fou sens dubte un gran home i un gran catal\u00e0 qui va<br>personificar el \u2018American Dream\u2019. Molts qualificatius se li poden assignar. Fou un home savi, gener\u00f3s, emprenedor, valent, treballador, perseverant&#8230;<br><br>Va n\u00e9ixer a Barcelona l\u201911 de febrer de 1928. Els seus pares tenien un negoci de distribuci\u00f3 de llet, en aquella \u00e8poca quan en tots els barris hi havien botigues que<br>venien llet exclusivament. Vivien a Sants.<br><br>El 1936 quan esclata la Guerra Civil el Pere t\u00e9 vuit anys. Els seus pares l\u2019envien a Bellprat, un poble al costat de Santa Coloma de Queralt, on hi havia la seva casa<br>pairal. Acabada la guerra el Pere torna a Sants. Els pares tracten de ressuscitar el negoci. Tristament mor el pare del Pere en un accident de treball en el 1941. El Pere, amb 13 anys, comen\u00e7a estudis a l&#8217;antiga Escola de Treball aprenent a fer eines, cosa que li obrir\u00e0 en el futur moltes portes. La fam\u00edlia del Pere s&#8217;havia engrandit i ara t\u00e9 dues germanes petites. El negoci dels pare no funciona i la viuda mare del Pere, dona emprenedora i amb molta empenta, obre un negoci de distribuci\u00f3 d&#8217;aliments. Eren aquests els anys tan durs de la postguerra amb accionaments de totes classes de queviures. El jove Pere ajuda fent tractes i comprantbaliments a pagesos de les rodalies.<br><br>En el 1946, acabada ja la Segona Guerra Mundial, arriba a la fam\u00edlia del Pere una proposta excepcional d\u2019una t\u00eda. Ell ara t\u00e9 18 anys. La t\u00eda diu que li pagar\u00e0 un any<br>d&#8217;estudi a una universitat dels EEUU. La mare del Pere compr\u00e8n que \u00e9s una gran oportunitat pel seu fill, i tot i que \u00e9s ara un puntal pel seu negoci, l\u2019anima a marxar. I aix\u00ed ho fa.<br><br>Arriba doncs als EEUU a l\u2019abril de 1947 i fa cap a la Universitat de Colorado a Boulder per estudiar la carrera d&#8217;Enginyeria Mec\u00e1nica. Quin repte. Ell, sense saber angl\u00e8s, sense estudis de batxillerat i amb quatre duros a la butxaca! Per\u00f2 se&#8217;n surt. El seu aprenentatge en els tallers de l&#8217;Escola de Treball l\u2019ajuden molt a trobar feina i aviat es relaciona amb una noia intel.ligent, la Joan Bartheld, que estudia ingenier\u00eda aeron\u00e1utica. La Joan \u00e9s la \u00fanica noia a l\u2019escola que estudia aquesta carrera i ajuda for\u00e7a al Pere amb el seu angl\u00e8s i amb les seves assignatures. Es casen abans d&#8217;acabar les seves respectives accres el 1951.<br><br>Entre 1952 i 1956 els dos troben treball a Dayton, Ohio. El Pere, o ara el Pete, troba treball com a professor a la universitat de Dayton, i treballa en el desenvolupament de v\u00e0lvules per aparells d\u2019extintors d&#8217;incendis.<br><br>En el 1956 el Pete i la Joan es traslladen al sud de Calif\u00f2rnia. Les companyies d\u2019aeron\u00e1utica i aeroespacials amb la \u2018guerra freda\u2019 ara est\u00e1n agafant for\u00e7a, engrandint-se i buscant enginyers arreu del pa\u00eds. El Pete treballa per una empresa relacionada amb el Missil Atlas dissenyant v\u00e0lvules i reguladors que han de treballar a -260 graus C, la temperatura del hidr\u00f2gen en l\u00edquid. El Pete, pel seu compte, comen\u00e7a a pensar com dissenyar una motlle que conservi la mateixa for\u00e7a tant si s&#8217;estira com si s\u2019arronsa.<br><br>En el 1958 el Pete i la Joan funden Bal Seal Engineering. Lloguen un \u2018quonset\u2019, un tipus de cabanya-taller met\u00e0l\u00b7lic prefabricat de la Segona Guerra Mundial, per $44\/mes, i aix\u00ed comencen a fabricar i vendre juntes i retenidors. Tamb\u00e9 el Pete dissenya unes motlles helicoidals inclinades amb la propietat de mantenir una for\u00e7a constant. Amb la Joan i el Pete al capdavant la company\u00eda es va expansionant i aviat han de buscar un nou lloc per establir Bal Seal. Ser\u00e1 a Foothill Ranch, a prop de Irvine. L&#8217;empresa es va engrandint i es compra una sucursal a Colorado Springs. L&#8217;empresa al final compte amb 500 empleats i fa instruments entre altres per rob\u00f2tica, aplicacions m\u00e8diques i la NASA. Compte amb m\u00e9s de 70 patents.<br><br>Cap a comen\u00e7aments de 1990 el Pete es relaciona amb el Casal dels Catalans de Calif\u00f2rnia. Feia uns anys que el Casal s&#8217;havia fundat acollint a catalans i amics americans del sud de Calif\u00f2rnia. Recordo molt b\u00e9 un dia en un dels aplecs del Casal el Pete em va dir: \u201cTinc una idea que crec podria ajudar molt al Casal\u201d. La idea era instituir les Beques Balsells. Aquestes beques estaven destinades a estudiants d\u2019enginyer catalans que volguessin seguir estudis per un m\u00e0ster en una universitat americana. Les beques serien pagades en parts iguals pel Pete, la Generalitat de Catalunya i la universitat que acollia a l&#8217;estudiant. Una de les condicions de la beca era que el estudiant dediqu\u00e9s una certa quantitat d\u2019hores al mes a treballs d&#8217;ajuda social. La Universitat de Calif\u00f2rnia de Irvine (UCI) i la Universitat de Colorado de Boulder van ser les primeres que van participar en la beca. Els nous becaris de la UCI ben aviat van con\u00e8ixer al Pete i el Casal. El Pete els va assesorar com podien ajudar el Casal en els seus aplecs ajudant en el subministre i cuina de les paelles i tamb\u00e9 en la redacci\u00f3, publicaci\u00f3 i distribuci\u00f3 del seu Butllet\u00ed trimestral. El Pete tamb\u00e9 es va fer membre del Consell del Casal i incl\u00fas per un per\u00edode va esdevenir el seu president.<br><br>Entre les altres caracter\u00edstiques del Pete tenim el seu afany de mantenir-se en forma i en bona salut. Cuidava molt el que menjava i bebia i per anys es llevava a les matinades, abans que sort\u00eds el sol, per fer llargues caminades pels entorns de la casa que s&#8217;havia fet construir a Newport Coast.<br>Tamb\u00e9 el Pete era un amant de l\u2019excursionisme. Quan arribava la seva vacan\u00e7a feia una sortida a alguna part del m\u00f3n. Recordo que m&#8217;havia explicat una aventura complicada que havia tingut amb la Joan creuant la Siberia en tren desde Mosc\u00fa a Vladivostok!<br>El Pete no ha oblidat tampoc el poble dels seus avantpassat, Sta. Coloma de Queralt, fent donacions importants a la seva biblioteca i per la restauraci\u00f3 d&#8217;una antiga capelleta al peu del cam\u00ed de Bellprat.<br><br>La Generalitat de Catalunya i diverses institucions catalanes han reconegut el m\u00e8rit del Pere. Ha rebut:<br>&#8211; La Medalla President Maci\u00e0 de la Generalitat el 2002<br>&#8211; L&#8217;Homenatge de la Generalitat el 2011 per 15 anys de beques<br>&#8211; El Premi Nacional de Mecenatge Cient\u00edfic el 2012<br>&#8211; La Creu de Sant Jordi el 2013<br>&#8211; El Doctor Honoris Causa de la Universitat Colorado Boulder el 2015<br>&#8211; El Doctor Honoris Causa de la Universitat de Girona el 2016.<br><br>El 2019 el Pere va vendre la seva companyia. Segueix per\u00f2 amb el nom de Bal Seal Engineering. El Pere continuava tamb\u00e9 treballant-hi com a conseller fins la seva mort.<br><br>Com he dit al comen\u00e7ament el Pere o Pete, home savi, treballador, perseverant, gener\u00f3s i emprenedor personifica el American Dream i tamb\u00e9 el discret mai defallint Esperit Catal\u00e0.<br><br>Pere Garriga<\/p>\n","protected":false},"excerpt":{"rendered":"<p>El dia 10 d\u2019Agost va morir en Pere (Pete) Balsells.Dins del seu perfil d\u2019home creador, inventor i industrial va tamb\u00e9 trobar el temps d\u2019ajudar de forma molt important el Casal de Catalans de California, aix\u00f2 el va fer un Mecenes &hellip; <a href=\"https:\/\/misideas.net\/?p=1337\">Continue reading <span class=\"meta-nav\">&rarr;<\/span><\/a><\/p>\n","protected":false},"author":3,"featured_media":0,"comment_status":"closed","ping_status":"closed","sticky":false,"template":"","format":"standard","meta":{"footnotes":""},"categories":[15],"tags":[],"class_list":["post-1337","post","type-post","status-publish","format-standard","hentry","category-15"],"_links":{"self":[{"href":"https:\/\/misideas.net\/index.php?rest_route=\/wp\/v2\/posts\/1337","targetHints":{"allow":["GET"]}}],"collection":[{"href":"https:\/\/misideas.net\/index.php?rest_route=\/wp\/v2\/posts"}],"about":[{"href":"https:\/\/misideas.net\/index.php?rest_route=\/wp\/v2\/types\/post"}],"author":[{"embeddable":true,"href":"https:\/\/misideas.net\/index.php?rest_route=\/wp\/v2\/users\/3"}],"replies":[{"embeddable":true,"href":"https:\/\/misideas.net\/index.php?rest_route=%2Fwp%2Fv2%2Fcomments&post=1337"}],"version-history":[{"count":2,"href":"https:\/\/misideas.net\/index.php?rest_route=\/wp\/v2\/posts\/1337\/revisions"}],"predecessor-version":[{"id":1549,"href":"https:\/\/misideas.net\/index.php?rest_route=\/wp\/v2\/posts\/1337\/revisions\/1549"}],"wp:attachment":[{"href":"https:\/\/misideas.net\/index.php?rest_route=%2Fwp%2Fv2%2Fmedia&parent=1337"}],"wp:term":[{"taxonomy":"category","embeddable":true,"href":"https:\/\/misideas.net\/index.php?rest_route=%2Fwp%2Fv2%2Fcategories&post=1337"},{"taxonomy":"post_tag","embeddable":true,"href":"https:\/\/misideas.net\/index.php?rest_route=%2Fwp%2Fv2%2Ftags&post=1337"}],"curies":[{"name":"wp","href":"https:\/\/api.w.org\/{rel}","templated":true}]}}