{"id":1172,"date":"2020-12-21T10:55:00","date_gmt":"2020-12-21T18:55:00","guid":{"rendered":"http:\/\/www.casalcatalalosangeles.org\/?p=1172"},"modified":"2024-08-08T14:22:42","modified_gmt":"2024-08-08T21:22:42","slug":"donacio-la-marato-covid-19","status":"publish","type":"post","link":"https:\/\/misideas.net\/?p=1172","title":{"rendered":"DONACI\u00d3 LA MARAT\u00d3, COVID-19"},"content":{"rendered":"\n<h4 class=\"wp-block-heading\">Molt bones!&nbsp;<br><br><br>La comunitat catalana d&#8217;arreu del m\u00f3n es mobilitza conjuntament per La Marat\u00f3 de TV3 &#8211; Covid 2020<br><br>Per mitj\u00e0 de la &#8220;Fundaci\u00f3 Mi Grano de Arena&#8221; estem recollint diners per La Marat\u00f3 i alhora tenint visibilitat clara de les aportacions que fem entre tots els catalans\/nes a l\u2019exterior.<br><br>Tots els diners recollits van directament a La Marat\u00f3.<br><br>Gr\u00e0cies per la vostra solidaritat!<br><br><a rel=\"noreferrer noopener\" href=\"https:\/\/casalcatalalosangeles.us10.list-manage.com\/track\/click?u=0f12caaf34b681301d56a3924&amp;id=6465fc63c2&amp;e=0ae6cb2470\" target=\"_blank\">https:\/\/www.migranodearena.org\/reto\/catalans-a-l-exterior-per-la-marato-2020<\/a><br><br><br>El Casal dels catalans de Calif\u00f2rnia, Los Angeles, ja ha fet una donaci\u00f3 a La Marat\u00f3.<br><br><strong>Animeu-vos! FALTEN 10 DIES!<\/strong><\/h4>\n\n\n<div class=\"wp-block-image\">\n<figure class=\"alignleft is-resized\"><a href=\"https:\/\/casalcatalalosangeles.us10.list-manage.com\/track\/click?u=0f12caaf34b681301d56a3924&amp;id=61840c89f8&amp;e=0ae6cb2470\" target=\"_blank\" rel=\"noreferrer noopener\"><img loading=\"lazy\" decoding=\"async\" src=\"https:\/\/ci4.googleusercontent.com\/proxy\/p4GoV-Jo6_RJ6onALKLh9Hu5RmakIn6L4rqI-TU_v7USAwErd9-PvFu8WvC-cSd4sFSXREzGfEs7mda9Bg3OGj9e3Ut8IFbP2gbjau7Yzlmy7pN_qjLPqxW41jwyhPBVNGjrMcOTNuH9ApgPHveCU5K-vXq9RQ=s0-d-e1-ft#https:\/\/mcusercontent.com\/0f12caaf34b681301d56a3924\/images\/b139e550-2c68-45b9-8693-e552157f4fc6.jpg\" alt=\"\" width=\"95\" height=\"95\"\/><\/a><\/figure><\/div>\n\n<div class=\"wp-block-image\">\n<figure class=\"alignleft is-resized\"><a href=\"https:\/\/casalcatalalosangeles.us10.list-manage.com\/track\/click?u=0f12caaf34b681301d56a3924&amp;id=389170bd66&amp;e=0ae6cb2470\" target=\"_blank\" rel=\"noreferrer noopener\"><img loading=\"lazy\" decoding=\"async\" src=\"https:\/\/ci6.googleusercontent.com\/proxy\/D_ziEoMOGE5M23q1AVoU8OvQ9lkHrI5B7zj04Lq5hbCipK8_QT5PPZKsfYJ5_ovLhDUor2CLbzkvoEvmMRzX2LcJNn4RJJZ_nhwOX0DrLbe-Q75Y5qmrT7H9HRPb82w8Yde79oImEdyPUDLBbHVW-bwHynWDng=s0-d-e1-ft#https:\/\/mcusercontent.com\/0f12caaf34b681301d56a3924\/images\/663188fb-0758-4233-9571-6b136060af44.png\" alt=\"\" width=\"111\" height=\"67\"\/><\/a><\/figure><\/div>\n\n\n<figure class=\"wp-block-image is-resized\"><a href=\"https:\/\/casalcatalalosangeles.us10.list-manage.com\/track\/click?u=0f12caaf34b681301d56a3924&amp;id=3347660100&amp;e=0ae6cb2470\" target=\"_blank\" rel=\"noreferrer noopener\"><img loading=\"lazy\" decoding=\"async\" src=\"https:\/\/ci5.googleusercontent.com\/proxy\/T6KXlocHQnaAxkJh9BpNncyB3DyLL8UYrRyq5Z4CprJKzMF7-EEuxUKEkH8-QdgfyriX5TGWjN7M8-WSO7v4jdBXmk68Z9H_ndd-r31AgdrkKXsdFF9__ttvMYkK3d38SOSpY4BYj8rub-bUATG3XQhIOm4jDw=s0-d-e1-ft#https:\/\/mcusercontent.com\/0f12caaf34b681301d56a3924\/images\/1851a475-9de3-4b89-87d1-ac3b0fbabe81.png\" alt=\"\" width=\"145\" height=\"81\"\/><\/a><\/figure>\n\n\n\n<p><\/p>\n","protected":false},"excerpt":{"rendered":"<p>Molt bones!&nbsp; La comunitat catalana d&#8217;arreu del m\u00f3n es mobilitza conjuntament per La Marat\u00f3 de TV3 &#8211; Covid 2020 Per mitj\u00e0 de la &#8220;Fundaci\u00f3 Mi Grano de Arena&#8221; estem recollint diners per La Marat\u00f3 i alhora tenint visibilitat clara de &hellip; <a href=\"https:\/\/misideas.net\/?p=1172\">Continue reading <span class=\"meta-nav\">&rarr;<\/span><\/a><\/p>\n","protected":false},"author":3,"featured_media":0,"comment_status":"closed","ping_status":"closed","sticky":false,"template":"","format":"standard","meta":{"footnotes":""},"categories":[24],"tags":[],"class_list":["post-1172","post","type-post","status-publish","format-standard","hentry","category-24"],"_links":{"self":[{"href":"https:\/\/misideas.net\/index.php?rest_route=\/wp\/v2\/posts\/1172","targetHints":{"allow":["GET"]}}],"collection":[{"href":"https:\/\/misideas.net\/index.php?rest_route=\/wp\/v2\/posts"}],"about":[{"href":"https:\/\/misideas.net\/index.php?rest_route=\/wp\/v2\/types\/post"}],"author":[{"embeddable":true,"href":"https:\/\/misideas.net\/index.php?rest_route=\/wp\/v2\/users\/3"}],"replies":[{"embeddable":true,"href":"https:\/\/misideas.net\/index.php?rest_route=%2Fwp%2Fv2%2Fcomments&post=1172"}],"version-history":[{"count":3,"href":"https:\/\/misideas.net\/index.php?rest_route=\/wp\/v2\/posts\/1172\/revisions"}],"predecessor-version":[{"id":1541,"href":"https:\/\/misideas.net\/index.php?rest_route=\/wp\/v2\/posts\/1172\/revisions\/1541"}],"wp:attachment":[{"href":"https:\/\/misideas.net\/index.php?rest_route=%2Fwp%2Fv2%2Fmedia&parent=1172"}],"wp:term":[{"taxonomy":"category","embeddable":true,"href":"https:\/\/misideas.net\/index.php?rest_route=%2Fwp%2Fv2%2Fcategories&post=1172"},{"taxonomy":"post_tag","embeddable":true,"href":"https:\/\/misideas.net\/index.php?rest_route=%2Fwp%2Fv2%2Ftags&post=1172"}],"curies":[{"name":"wp","href":"https:\/\/api.w.org\/{rel}","templated":true}]}}