{"id":1159,"date":"2020-09-10T15:32:06","date_gmt":"2020-09-10T22:32:06","guid":{"rendered":"http:\/\/www.casalcatalalosangeles.org\/?p=1159"},"modified":"2024-08-08T14:23:18","modified_gmt":"2024-08-08T21:23:18","slug":"diada-2020-casals-en-xarxa","status":"publish","type":"post","link":"https:\/\/misideas.net\/?p=1159","title":{"rendered":"DIADA 2020-Casals en Xarxa"},"content":{"rendered":"\n<p>Benvolguts\/ des catalans i catalanes a l&#8217;exterior!<\/p>\n\n\n\n<p>L&#8217;equip de Casals en Xarxa ens desitja a tots una gran Diada!<br>Us informen que en comptes de la programaci\u00f3 del dijous per a l&#8217;Onze tindrem una programaci\u00f3 especial de vuit hores cont\u00ednues de duraci\u00f3, en la qual es combinaran activitats en directe amb v\u00eddeos que hem estat gravant moltes de les nostres entitats i d&#8217;altres i amb la reemissi\u00f3 d&#8217;activitats dels dies precedents.<br>En adjunt i tamb\u00e9 en postdata, us incloem una agenda com\u00fa amb la programaci\u00f3 d&#8217;activitats d&#8217;entitats catalanes d&#8217;arreu per aquests dies, aquestes activitats s\u00f3n les que hem anat parlant en molts casos a les trobades dels dijous o informacions que ens han arribat. Com la participaci\u00f3 al programa, l&#8217;agenda est\u00e0 centrada m\u00e9s en Llatinoam\u00e8rica, per\u00f2 tamb\u00e9 hi ha informacions d&#8217;arreu del m\u00f3n (no al cartell).<br><\/p>\n\n\n\n<p class=\"has-very-dark-gray-color has-text-color\">L&#8217;emissi\u00f3 del programa especial es far\u00e0 des de les <strong>10:00 EQU-MX\/12:00 BR-ARG\/17:00 CATALUNYA<\/strong> a trav\u00e9s dels canals de YouTube i Facebook del Casal Catal\u00e0 de Guayaquil (Tamb\u00e9, es clar, les podreu seguir a trav\u00e9s de les xarxes de les entitats organitzadores) . Aquests en s\u00f3n els links perqu\u00e8 es pugui visionar &#8220;live&#8221; tamb\u00e9 per les vostres xarxes enganxant-los (link de YouTube: <a rel=\"noreferrer noopener\" href=\"https:\/\/youtu.be\/1DGvtsFH-8Q\" target=\"_blank\">https:\/\/youtu.be\/1DGvtsFH-8Q <\/a>), (link de Facebook: <a rel=\"noreferrer noopener\" href=\"https:\/\/www.facebook.com\/casalcatalaguayaquil\/posts\/10158702968239655\" target=\"_blank\">https:\/\/www.facebook.com\/casalcatalaguayaquil\/posts\/10158702968239655<\/a>). En aquest cas us facilitem un link general de ZOOM per a que participeu durant tot el dia de dem\u00e0 com a p\u00fablic de webinar a les diferents activitats (<a rel=\"noreferrer noopener\" href=\"https:\/\/youtu.be\/1DGvtsFH-8Q\" target=\"_blank\">https:\/\/youtu.be\/1DGvtsFH-8Q<\/a> ). Aviseu-nos si voleu participar-hi amb rang de &#8220;conferenciants&#8221; (&#8220;panelistas&#8221;, \u00e9s a dir com sempre a la nostra programaci\u00f3), com ens agradaria poder fer a les <strong>15:30 EQU\/ 22:30 CAT<\/strong>, en qu\u00e8 emetrem els diferents v\u00eddeos que hem\/s&#8217;han fet i seria un bon moment per estar m\u00e9s units, i a les <strong>16:00 EQU\/ 23:00 CAT<\/strong> en que iniciar\u00e0 la cerim\u00f2nia d&#8217;entrega de premis del VIII concurs literari DIA DEL LLIBRE I DE LA ROSA &#8211; tingueu en compte que hi haur\u00e0 guanyadors de molts dels vostres pa\u00efsos i potser relacionats amb les vostres CCE.<br>Visca Catalunya!<\/p>\n\n\n\n<p><br>Equip de Casals en Xarxa<br>Pd: Links -els dos primers per si els voleu enganxar i emetre-ho per les vostres xarxes:<\/p>\n\n\n\n<p>Facebook: <a rel=\"noreferrer noopener\" href=\"https:\/\/www.facebook.com\/casalcatalaguayaquil\/posts\/10158702968239655\" target=\"_blank\">https:\/\/www.facebook.com\/casalcatalaguayaquil\/posts\/10158702968239655<\/a> <\/p>\n\n\n\n<p>Youtube: <a rel=\"noreferrer noopener\" href=\"https:\/\/youtu.be\/1DGvtsFH-8Q\" target=\"_blank\">https:\/\/youtu.be\/1DGvtsFH-8Q<\/a><br><\/p>\n\n\n\n<p>Link de zoom per a l&#8217;especial de la Diada de Casals en Xarxa<br><a rel=\"noreferrer noopener\" href=\"https:\/\/us02web.zoom.us\/j\/86415933209?pwd=TE5Uc3Y5S1VGVEFLMlp3VGY3THdWdz09\" target=\"_blank\">https:\/\/us02web.zoom.us\/j\/86415933209?pwd=TE5Uc3Y5S1VGVEFLMlp3VGY3THdWdz09<\/a> feu-nos-ho saber per a participar-hi en format de &#8220;conferenciant&#8221;<br><\/p>\n\n\n\n<p>Pd: AGENDA<\/p>\n\n\n\n<p><strong>Dss 5 SET&nbsp;<\/strong><\/p>\n\n\n\n<p><strong>11:45 MEX\/ 16:45 CAT<\/strong>: Orfe\u00f3 de M\u00e8xic, celebraci\u00f3 de Sant Jordi;<strong> 12:00 <\/strong>confer\u00e8ncia&nbsp; \u201cLiteratures i exilis\u201d,&nbsp; a c\u00e0rrec de Lolita Bosch; <strong>14:00 <\/strong>concert de l\u2019Orfe\u00f3<\/p>\n\n\n\n<p><strong>Dg 6 SET<\/strong><\/p>\n\n\n\n<p><strong>10:30&nbsp; EQU\/ 12:30 ARG \/ 17:30 CAT: <\/strong>Casals en Xarxa,&nbsp; \u201cXocolata i contes\u201d&nbsp; dedicat a la Diada en catal\u00e0, amb \u00c0ngel Daban, No\u00e8 Rivas, CC de Quito, Guayaquil, Cuenca, La Plata, Orfe\u00f3 de M\u00e8xic.<\/p>\n\n\n\n<p><strong>12:00 MEX\/ 19:00 CAT <\/strong>ANC-M\u00e8xic: \u201cLuchas por la independencia y solidaridad entre pueblos\u201d, Taula rodona amb Jos\u00e9 M. Muri\u00e0 (escriptor i historiador), Montserrat Gal\u00ed (historiadora de l\u2019art), Robert Gonz\u00e1lez (polit\u00f2leg), Carles Riera (diputat CUP).&nbsp; <strong>RAB<\/strong><\/p>\n\n\n\n<p><strong>Dc 9 SET<\/strong><\/p>\n\n\n\n<p><strong>16:30 &#8211; 18:00 \/ 23:30 &#8211; 1:00 +1 CAT: <\/strong>CC de Minnesota. Festa de zoom. M\u00fasica, poesia i debat de temes d&#8217;actualitat a Catalunya.<\/p>\n\n\n\n<p><strong>18:30 ARG \u2013 23:30 CAT<\/strong>: CC de la Plata. Xerrada \u201cNaciones sin estado en la pen\u00ednsula ib\u00e9rica, el caso catal\u00e1n\u201d, prof. Pau Andr\u00e9s Angl\u00e8s<\/p>\n\n\n\n<p><strong>18:00 EQ \/ 1 AM +1 CAT <\/strong>CC de Quito. Cinema casal, \u201cXammar, la ploma silenciada\u201d (VOSE); a les 19:15 f\u00f3rum amb el director, Emili Teixid\u00f3&nbsp;&nbsp;<\/p>\n\n\n\n<p><strong>Dj 10 SET 12.00 EQU\/ 19.00 CAT:<\/strong> CC de Cuenca. Salutaci\u00f3 de la gu\u00e0rdia patrimonial de Cuenca a la bandera catalana. Inici al Parc Central i encesa d&#8217;antorxa al Casal.<\/p>\n\n\n\n<p><strong>Dv. 11 SET<\/strong><\/p>\n\n\n\n<p><strong>10:00 INICI DE L&#8217;ESPECIAL CASALS EN XARXA<\/strong><\/p>\n\n\n\n<p><strong>10:00 EQU\/ 12:00 ARG\/ 17:00 CAT <\/strong>CC de la Plata+Guayaquil: inauguraci\u00f3 exposici\u00f3 virtual \u201cLes dones catalanes\u201d, amb les presidentes Esther Barnet i Nieves Tuset.<\/p>\n\n\n\n<p><strong>11:30EQ\/18:30 ALEMANYA <\/strong>Casal Catala Stuttgart<strong>, Trobada mensual i celebraci\u00f3 de la Diada de Catalunya<\/strong><\/p>\n\n\n\n<p><strong>12:00 EQU\/ 19:00 LUX &#8211; <\/strong>CC de Luxemburg<strong> . confer\u00e8ncia de l\u2019historiador Joaquim Albareda sobre la diada<\/strong><\/p>\n\n\n\n<p><strong>14:00EQU\/16:00 ARG\/ 23:00 CAT <\/strong>CC de la Plata. Exposici\u00f3 virtual de dibuixos de Moni Carrica sobre \u201cEls presidents de la Generalitat\u201d<\/p>\n\n\n\n<p><strong>15:30 EQU\/ 22:30 CAT <\/strong>Especial \u201cCasals en Xarxa\u201d, <strong>16:00 EQU\/ 23:00 CAT&nbsp; <\/strong>Cerim\u00f2nia d\u2019entrega de premis del VIII concurs \u201cDia del llibre i de la rosa\u201d, amb participants d\u2019arreu de la Catalunya exterior.&nbsp; Joaquim Forn, president del jurat. <strong>RAB<\/strong><\/p>\n\n\n\n<p><strong>17:00EQU\/19:00 ARG\/ 24:00 CAT <\/strong>CC de Paran\u00e0: \u2018El d\u00eda de Catalunya, lucha de un pueblo por su independencia\u2019, confer\u00e8ncia del Prof. Juan Dami\u00e1n Capdevila, Director del Archivo General de la Provincia de Entre R\u00edos. <strong>RAB<\/strong><\/p>\n\n\n\n<p><strong>17:00EQ\/19:00 BRA\/ 24:00 CAT <\/strong>AC.Catalonia de Sao Paulo. Xerrada \u201cImport\u00e0ncia de la Diada Nacional de Catalunya per els catalans de l&#8217;exterior\u201d (en portugu\u00e8s). Dr. Josep Blanes Sala<\/p>\n\n\n\n<p><strong>17:00 EQU\/24:00 CAT <\/strong>CC de Guayaquil<strong>: <\/strong>Diada formal presencial i inauguraci\u00f3 a Guayaquil de l\u2019exposici\u00f3 de &#8220;Les Dones Catalanes&#8221;&nbsp; ( Esther Barnet i Nieves Tuset).<\/p>\n\n\n\n<p><strong>Dss 12 SET<\/strong><\/p>\n\n\n\n<p><strong>10:00EQ\/12:00ARG\/19:00CAT <\/strong>CC de la Plata: Taula rodona &#8220;Dones en la pol\u00edtica catalana del proc\u00e9s&#8221;, amb <strong>Meritxell Bud\u00f3 <\/strong>(Portaveu i Consellera de la presid\u00e8ncia de la Generalitat, vde JxCat), <strong>Sara Bailac<\/strong> (senadora d\u2019ERC), <strong>Silvia Pag\u00e8s<\/strong> (secretariat de les CUP)<\/p>\n\n\n\n<p><strong>11:45 EQU-MEX\/ 20:45 CAT <\/strong>Orfe\u00f3 de M\u00e8xic: Ofrena floral a Rafael de Casanovas i gu\u00e0rdia d\u2019honor;&nbsp;<\/p>\n\n\n\n<p><strong>12:00 EQU-MEX\/ 19:00 CAT ZOOM\/RAB<\/strong> \u201cPonts entre cultures, el paper de les dones\u201d. Dres. Montserrat Gal\u00ed i Ant\u00f2nia Pi-Su\u00f1er;&nbsp;<\/p>\n\n\n\n<p><strong>14:00 MEX\/ 21:00 CAT ZOOM\/RAB <\/strong>concert de la massa coral de l\u2019Orfe\u00f3 Catal\u00e0\/ <strong>14:30<\/strong> Dinar de germanor (amb noves mesures sanit\u00e0ries)<\/p>\n\n\n\n<p><strong>16:30 ARG\/ 21:30 CAT CC de Buenos Aires, Castelar i Capitan Sarmiento: cor dels Segadors conjunt entre els grups corals respectius<\/strong><\/p>\n\n\n\n<p><strong>Dg 13 SET&nbsp;<\/strong><\/p>\n\n\n\n<p><strong>11:00 MEX\/ 18:00 ANC MEX+ INT &#8220;Assemblees exteriors, la veu de l&#8217;ANC al m\u00f3n&#8221;, sessi\u00f3 informativa i col\u00b7loqui sobre el funcionament i rol de les Assemblees exteriors.&nbsp;<\/strong><\/p>\n\n\n\n<p><strong>Dss 19 SET&nbsp;<\/strong><\/p>\n\n\n\n<p><strong>12:00 MEX\/ 21:00 CAT: <\/strong>CC de Yucat\u00e1n \u201cLa Catalunya de Guadalajara\u201d, confer\u00e8ncia virtual d\u2019Andrea Nayelli<\/p>\n\n\n\n<p><strong>Dj 24 SET<\/strong><\/p>\n\n\n\n<p><strong>16:00 EQU\/ 21:00 CAT&nbsp; <\/strong>Casals en xarxa; Punt de trobada amb Marta Rovira. <strong>RAB<\/strong><\/p>\n\n\n\n<p><strong>Dss 26<\/strong><\/p>\n\n\n\n<p><strong>12:00 MEX\/ 21:00 CAT:<\/strong> CC de Yucat\u00e1n. Taller virtual de teatre de la mem\u00f2ria i obra de teatre sobre l\u2019exili catal\u00e0 \u201cCuerpo, misterio, identidad y Resistencia en la dramaturgia de la memoria\u201d de Ricardo Andrade, Amanda Quezadas i Ma. Teresa Jard\u00ed<\/p>\n\n\n\n<p><strong>13:00 EQU\/ 20:00 CAT<\/strong> CC de Quito: dinar de germanor per la Diada<\/p>\n\n\n\n<p><\/p>\n\n\n\n<figure class=\"wp-block-gallery has-nested-images columns-default is-cropped wp-block-gallery-1 is-layout-flex wp-block-gallery-is-layout-flex\">\n<figure class=\"wp-block-image size-large\"><img loading=\"lazy\" decoding=\"async\" width=\"606\" height=\"1024\" data-id=\"1161\" src=\"https:\/\/misideas.net\/wp-content\/uploads\/2020\/09\/WhatsApp-Image-2020-09-10-at-08.22.311-1-606x1024.jpeg\" alt=\"\" class=\"wp-image-1161\" srcset=\"https:\/\/misideas.net\/wp-content\/uploads\/2020\/09\/WhatsApp-Image-2020-09-10-at-08.22.311-1-606x1024.jpeg 606w, https:\/\/misideas.net\/wp-content\/uploads\/2020\/09\/WhatsApp-Image-2020-09-10-at-08.22.311-1-177x300.jpeg 177w, https:\/\/misideas.net\/wp-content\/uploads\/2020\/09\/WhatsApp-Image-2020-09-10-at-08.22.311-1.jpeg 757w\" sizes=\"auto, (max-width: 606px) 100vw, 606px\" \/><\/figure>\n<\/figure>\n","protected":false},"excerpt":{"rendered":"<p>Benvolguts\/ des catalans i catalanes a l&#8217;exterior! L&#8217;equip de Casals en Xarxa ens desitja a tots una gran Diada!Us informen que en comptes de la programaci\u00f3 del dijous per a l&#8217;Onze tindrem una programaci\u00f3 especial de vuit hores cont\u00ednues de &hellip; <a href=\"https:\/\/misideas.net\/?p=1159\">Continue reading <span class=\"meta-nav\">&rarr;<\/span><\/a><\/p>\n","protected":false},"author":3,"featured_media":0,"comment_status":"closed","ping_status":"closed","sticky":false,"template":"","format":"standard","meta":{"footnotes":""},"categories":[24],"tags":[],"class_list":["post-1159","post","type-post","status-publish","format-standard","hentry","category-24"],"_links":{"self":[{"href":"https:\/\/misideas.net\/index.php?rest_route=\/wp\/v2\/posts\/1159","targetHints":{"allow":["GET"]}}],"collection":[{"href":"https:\/\/misideas.net\/index.php?rest_route=\/wp\/v2\/posts"}],"about":[{"href":"https:\/\/misideas.net\/index.php?rest_route=\/wp\/v2\/types\/post"}],"author":[{"embeddable":true,"href":"https:\/\/misideas.net\/index.php?rest_route=\/wp\/v2\/users\/3"}],"replies":[{"embeddable":true,"href":"https:\/\/misideas.net\/index.php?rest_route=%2Fwp%2Fv2%2Fcomments&post=1159"}],"version-history":[{"count":4,"href":"https:\/\/misideas.net\/index.php?rest_route=\/wp\/v2\/posts\/1159\/revisions"}],"predecessor-version":[{"id":1544,"href":"https:\/\/misideas.net\/index.php?rest_route=\/wp\/v2\/posts\/1159\/revisions\/1544"}],"wp:attachment":[{"href":"https:\/\/misideas.net\/index.php?rest_route=%2Fwp%2Fv2%2Fmedia&parent=1159"}],"wp:term":[{"taxonomy":"category","embeddable":true,"href":"https:\/\/misideas.net\/index.php?rest_route=%2Fwp%2Fv2%2Fcategories&post=1159"},{"taxonomy":"post_tag","embeddable":true,"href":"https:\/\/misideas.net\/index.php?rest_route=%2Fwp%2Fv2%2Ftags&post=1159"}],"curies":[{"name":"wp","href":"https:\/\/api.w.org\/{rel}","templated":true}]}}