{"id":1098,"date":"2019-03-09T15:04:05","date_gmt":"2019-03-09T23:04:05","guid":{"rendered":"http:\/\/www.casalcatalalosangeles.org\/?p=1098"},"modified":"2024-08-08T14:16:24","modified_gmt":"2024-08-08T21:16:24","slug":"eleccions","status":"publish","type":"post","link":"https:\/\/misideas.net\/?p=1098","title":{"rendered":"ELECCIONS"},"content":{"rendered":"\n<p><strong>El Consulado Informa:<\/strong><\/p>\n\n\n\n<p>Convocadas las Elecciones a\n<strong>Cortes Generales en Espa\u00f1a<\/strong> y a\n<strong>Les Corts de la Comunitat Valenciana<\/strong> que se celebrar\u00e1n el pr\u00f3ximo\n<strong>28 de abril de 2019<\/strong>, \nel Consulado General de Espa\u00f1a en Los \u00c1ngeles informa que en su\n<a href=\"http:\/\/www.exteriores.gob.es\/Consulados\/LOSANGELES\/es\/Consulado\/Paginas\/info_elecciones.aspx\" target=\"_blank\" rel=\"noreferrer noopener\">p\u00e1gina web<\/a>\n ofrece informaci\u00f3n de inter\u00e9s sobre estos dos procesos as\u00ed como el calendario electoral y horarios de apertura y cierre.<\/p>\n\n\n\n<p>\nPodr\u00e1 encontrar m\u00e1s informaci\u00f3n sobre este proceso electoral en las siguientes direcciones de Internet:<\/p>\n\n\n\n<p>\n\u00b7&nbsp;&nbsp;&nbsp;&nbsp;&nbsp;&nbsp;\n<a href=\"http:\/\/www.exteriores.gob.es\/Portal\/es\/Documents\/2019_ABRIL_PREGUNTAS%20ELECCIONES.pdf\" target=\"_blank\" rel=\"noreferrer noopener\">Gu\u00eda Elecciones. \u00bfC\u00f3mo votar desde el extranjero?<\/a><\/p>\n\n\n\n<p>\n\u00b7&nbsp;&nbsp;&nbsp;&nbsp;&nbsp;&nbsp;\n<a href=\"http:\/\/www.exteriores.gob.es\/Portal\/es\/ServiciosAlCiudadano\/SiEstasEnElExtranjero\/Paginas\/Inicio.aspx\" target=\"_blank\" rel=\"noreferrer noopener\">Ministerio\n de Asuntos Exteriores y de Cooperaci\u00f3n<\/a><\/p>\n\n\n\n<p>\n\u00b7&nbsp;&nbsp;&nbsp;&nbsp;&nbsp;&nbsp;\n<a href=\"http:\/\/www.ine.es\/ss\/Satellite?L=0&amp;c=Page&amp;cid=1254735788988&amp;p=1254735788988&amp;pagename=CensoElectoral%2FINELayout\" target=\"_blank\" rel=\"noreferrer noopener\">&nbsp;Instituto\n Nacional de Estad\u00edstica<\/a><\/p>\n\n\n\n<p>Recordamos\n que para ejercer el derecho a voto en el extranjero se debe previamente\n solicitar el env\u00edo de la documentaci\u00f3n electoral.\n (Voto rogado).<\/p>\n\n\n\n<p>En caso de dudas o preguntas les atenderemos en la siguiente direcci\u00f3n de correo electr\u00f3nico:\n<a href=\"mailto:cog.losangeles@maec.es\" target=\"_blank\" rel=\"noreferrer noopener\">cog.losangeles@maec.es<\/a><\/p>\n\n\n\n<p>Un cordial saludo,<\/p>\n\n\n\n<figure class=\"wp-block-table\"><table><tbody><tr><td>\n\n<strong>Consulado de Espa\u00f1a en Los Angeles<\/strong>\n\n<strong>5055 Wilshire Blvd. Suite 860, Los Angeles, CA- 90036<\/strong>\n\nTfno: +1 (323) 938 0158&nbsp;&nbsp; Fax: +1 (323) 938 0112\n\nEmail:\n<a href=\"mailto:cog.losangeles@maec.es\" target=\"_blank\" rel=\"noreferrer noopener\">cog.losangeles@maec.es<\/a>\n\n<\/td><\/tr><tr><td> <a rel=\"noreferrer noopener\" href=\"http:\/\/www.exteriores.gob.es\/Consulados\/LosAngeles\/\" target=\"_blank\"><strong><em>http:\/\/www.exteriores.gob.es\/Consulados\/LosAngeles\/<\/em><\/strong><\/a><strong><em> <\/em><\/strong><strong><em>&nbsp;&nbsp;&nbsp;&nbsp;&nbsp; <\/em><\/strong><\/td><\/tr><\/tbody><\/table><\/figure>\n","protected":false},"excerpt":{"rendered":"<p>El Consulado Informa: Convocadas las Elecciones a Cortes Generales en Espa\u00f1a y a Les Corts de la Comunitat Valenciana que se celebrar\u00e1n el pr\u00f3ximo 28 de abril de 2019, el Consulado General de Espa\u00f1a en Los \u00c1ngeles informa que en &hellip; <a href=\"https:\/\/misideas.net\/?p=1098\">Continue reading <span class=\"meta-nav\">&rarr;<\/span><\/a><\/p>\n","protected":false},"author":3,"featured_media":0,"comment_status":"closed","ping_status":"closed","sticky":false,"template":"","format":"standard","meta":{"footnotes":""},"categories":[23],"tags":[],"class_list":["post-1098","post","type-post","status-publish","format-standard","hentry","category-23"],"_links":{"self":[{"href":"https:\/\/misideas.net\/index.php?rest_route=\/wp\/v2\/posts\/1098","targetHints":{"allow":["GET"]}}],"collection":[{"href":"https:\/\/misideas.net\/index.php?rest_route=\/wp\/v2\/posts"}],"about":[{"href":"https:\/\/misideas.net\/index.php?rest_route=\/wp\/v2\/types\/post"}],"author":[{"embeddable":true,"href":"https:\/\/misideas.net\/index.php?rest_route=\/wp\/v2\/users\/3"}],"replies":[{"embeddable":true,"href":"https:\/\/misideas.net\/index.php?rest_route=%2Fwp%2Fv2%2Fcomments&post=1098"}],"version-history":[{"count":4,"href":"https:\/\/misideas.net\/index.php?rest_route=\/wp\/v2\/posts\/1098\/revisions"}],"predecessor-version":[{"id":1538,"href":"https:\/\/misideas.net\/index.php?rest_route=\/wp\/v2\/posts\/1098\/revisions\/1538"}],"wp:attachment":[{"href":"https:\/\/misideas.net\/index.php?rest_route=%2Fwp%2Fv2%2Fmedia&parent=1098"}],"wp:term":[{"taxonomy":"category","embeddable":true,"href":"https:\/\/misideas.net\/index.php?rest_route=%2Fwp%2Fv2%2Fcategories&post=1098"},{"taxonomy":"post_tag","embeddable":true,"href":"https:\/\/misideas.net\/index.php?rest_route=%2Fwp%2Fv2%2Ftags&post=1098"}],"curies":[{"name":"wp","href":"https:\/\/api.w.org\/{rel}","templated":true}]}}