{"id":1005,"date":"2017-11-03T21:33:11","date_gmt":"2017-11-04T04:33:11","guid":{"rendered":"http:\/\/www.casalcatalalosangeles.org\/?p=1005"},"modified":"2024-08-08T13:31:00","modified_gmt":"2024-08-08T20:31:00","slug":"eleccions-21d","status":"publish","type":"post","link":"https:\/\/misideas.net\/?p=1005","title":{"rendered":"ELECCIONS 21D"},"content":{"rendered":"<p>Benvolguts\/udes,<\/p>\n<p>El Govern de l\u2019Estat espanyol ha convocat eleccions al Parlament de Catalunya el <strong>dijous 21 de desembre de 2017<\/strong>. &nbsp;Per tant, com a catalans que residiu habitualment a l\u2019exterior i que esteu inscrits al CERA (Cens d\u2019Electors Residents Absents), podeu exercir el vostre dret de vot en aquesta convocat\u00f2ria.<\/p>\n<p>Com sabeu, en el cas del vot exterior, i segons la normativa vigent, heu <strong>de sol\u00b7licitar el vot<\/strong> (el conegut com a \u201cvoto rogado\u201d) <strong>abans del 22 de novembre<\/strong>. Aix\u00ed, doncs, a continuaci\u00f3 us facilitem informaci\u00f3 relativa als diferents procediments i modalitats de vot, per si desitgeu exercir aquest dret.<\/p>\n<p>Trobareu &nbsp;<strong>informaci\u00f3 general sobre el vot a l\u2019exterior<\/strong> a l\u2019enlla\u00e7 seg\u00fcent: <a href=\"http:\/\/exteriors.gencat.cat\/ca\/ambits-dactuacio\/afers_exteriors\/catalans-i-catalanes-exterior\/informacio-electoral\/\" data-saferedirecturl=\"https:\/\/www.google.com\/url?hl=en&amp;q=http:\/\/exteriors.gencat.cat\/ca\/ambits-dactuacio\/afers_exteriors\/catalans-i-catalanes-exterior\/informacio-electoral\/&amp;source=gmail&amp;ust=1509844539602000&amp;usg=AFQjCNFhMXSzHfkFwaPnN5mTzEjus9GrzA\">http:\/\/exteriors.gencat.cat\/ca\/ambits-dactuacio\/afers_exteriors\/catalans-i-catalanes-exterior\/informacio-electoral\/<\/a><\/p>\n<p>Aix\u00ed mateix, us fem saber que el Ministeri d\u2019Afers Estrangers i de Cooperaci\u00f3 ha elaborat un document de preguntes m\u00e9s freq\u00fcents, aix\u00ed com una infografia, que expliquen de manera resumida els procediments per exercir el dret al vot des de l\u2019exterior:<\/p>\n<ul>\n<li><a href=\"http:\/\/www.exteriores.gob.es\/Portal\/es\/SalaDePrensa\/ElMinisterioInforma\/Documents\/2017_OCTUBRE_PREGUNTAS%20ELECCIONES%20CAT_version%20cat.pdf\" data-saferedirecturl=\"https:\/\/www.google.com\/url?hl=en&amp;q=http:\/\/www.exteriores.gob.es\/Portal\/es\/SalaDePrensa\/ElMinisterioInforma\/Documents\/2017_OCTUBRE_PREGUNTAS%2520ELECCIONES%2520CAT_version%2520cat.pdf&amp;source=gmail&amp;ust=1509844539602000&amp;usg=AFQjCNE-xHEGFTFrSOAb3aBBwiIMNaxPQw\">http:\/\/www.exteriores.gob.es\/Portal\/es\/SalaDePrensa\/ElMinisterioInforma\/Documents\/2017_OCTUBRE_PREGUNTAS%20ELECCIONES%20CAT_version%20cat.pdf<\/a><\/li>\n<li><a href=\"http:\/\/www.exteriores.gob.es\/Portal\/es\/SalaDePrensa\/Multimedia\/Documents\/2017_OCTUBRE_INFOGRAFIA%20ELECCIONES%20CAT%20version%20cat.pdf\" data-saferedirecturl=\"https:\/\/www.google.com\/url?hl=en&amp;q=http:\/\/www.exteriores.gob.es\/Portal\/es\/SalaDePrensa\/Multimedia\/Documents\/2017_OCTUBRE_INFOGRAFIA%2520ELECCIONES%2520CAT%2520version%2520cat.pdf&amp;source=gmail&amp;ust=1509844539602000&amp;usg=AFQjCNEDDClOtB_T39M7tMUGTbQwRpKB_Q\">http:\/\/www.exteriores.gob.es\/Portal\/es\/SalaDePrensa\/Multimedia\/Documents\/2017_OCTUBRE_INFOGRAFIA%20ELECCIONES%20CAT%20version%20cat.pdf<\/a><\/li>\n<\/ul>\n<p>&nbsp;<\/p>\n<p><strong>El Calendari \u00e9s el seg\u00fcent:<\/strong><\/p>\n<ul>\n<li><strong>Del 3 al 10 de novembre<\/strong>&nbsp;<a href=\"http:\/\/votexterior.cat\/electors-cera.html\" data-saferedirecturl=\"https:\/\/www.google.com\/url?hl=en&amp;q=http:\/\/votexterior.cat\/electors-cera.html&amp;source=gmail&amp;ust=1509844539602000&amp;usg=AFQjCNGj8jyG6YPFiB8HY_PC6pyLOyxwOQ\">Consulta del Cens Electoral<\/a>&nbsp;que s\u2019exposar\u00e0 a Ambaixades i consolats<\/li>\n<li><strong>Del 3 al 10 de novembre<\/strong>&nbsp;Reclamacions per inclusi\u00f3 \/ exclusi\u00f3 al cens electoral<\/li>\n<li><strong>Del 3 al 13 de novembre<\/strong>&nbsp;Resoluci\u00f3 de les reclamacions per inclusi\u00f3 \/ exclusi\u00f3 al cens electoral<\/li>\n<li><strong>El 14 de novembre<\/strong>&nbsp;Exposici\u00f3 de la resoluci\u00f3 de les reclamacions als consolats<\/li>\n<li><strong>Del 28 d\u2019octubre al 22 de novembre<\/strong>&nbsp;<a href=\"http:\/\/votexterior.cat\/vot-pregat.html\" data-saferedirecturl=\"https:\/\/www.google.com\/url?hl=en&amp;q=http:\/\/votexterior.cat\/vot-pregat.html&amp;source=gmail&amp;ust=1509844539602000&amp;usg=AFQjCNF_6w7-juqnwNdJJ-e-qgsxEFL9MQ\">Sol\u00b7licitud pr\u00e8via del vot<\/a>&nbsp;per correu&nbsp;(\u2018voto rogado\u2019)<\/li>\n<li><strong>Del 25 de novembre a l\u20191 de desembre (o del 2 al 9 de desembre si hi ha recursos d\u2019impugnaci\u00f3 contra llistes)<\/strong>&nbsp;Tramesa de la documentaci\u00f3 pel vot per correu&nbsp;des de les Delegacions Provincials de l&#8217;Oficina el Cens Electoral als electors que ho hagin sol\u00b7licitat<\/li>\n<li><strong>Del 25 de novembre al 17 de desembre<\/strong>&nbsp;Termini per a enviar el vot per correu al consolat o Ambaixada<\/li>\n<li><strong>Del 17 al 19 de desembre (ambd\u00f3s inclosos) <\/strong>Dip\u00f2sit del vot en urna a consolats o ambaixades<\/li>\n<\/ul>\n<p><strong>Per qualsevol dubte respecte aquestes eleccions, podeu enviar un correu electr\u00f2nic a l\u2019adre\u00e7a seg\u00fcent: <a href=\"mailto:eleccions@gencat.cat\">eleccions@gencat.cat<\/a>. Recordeu que tamb\u00e9, per con\u00e8ixer m\u00e9s detalls del proc\u00e9s i plantejar dubtes concrets us podeu adre\u00e7ar a l\u2019ambaixada o oficina consular m\u00e9s propera.<\/strong><\/p>\n<p>Salutacions cordials,<\/p>\n<p><strong>&nbsp;&nbsp;&nbsp;&nbsp;&nbsp;&nbsp;&nbsp;&nbsp;B\u00fastia del Registre de catalans a l\u2019exterior<\/strong><\/p>\n<p>\u00c0rea de la Catalunya Exterior<\/p>\n<p>Govern de Catalunya<\/p>\n<p><em>&nbsp;&nbsp;&nbsp; &nbsp;&nbsp;&nbsp; Government of Catalonia<\/em><\/p>\n","protected":false},"excerpt":{"rendered":"<p>Benvolguts\/udes, El Govern de l\u2019Estat espanyol ha convocat eleccions al Parlament de Catalunya el dijous 21 de desembre de 2017. &nbsp;Per tant, com a catalans que residiu habitualment a l\u2019exterior i que esteu inscrits al CERA (Cens d\u2019Electors Residents Absents), &hellip; <a href=\"https:\/\/misideas.net\/?p=1005\">Continue reading <span class=\"meta-nav\">&rarr;<\/span><\/a><\/p>\n","protected":false},"author":3,"featured_media":0,"comment_status":"closed","ping_status":"closed","sticky":false,"template":"","format":"standard","meta":{"footnotes":""},"categories":[21],"tags":[],"class_list":["post-1005","post","type-post","status-publish","format-standard","hentry","category-21"],"_links":{"self":[{"href":"https:\/\/misideas.net\/index.php?rest_route=\/wp\/v2\/posts\/1005","targetHints":{"allow":["GET"]}}],"collection":[{"href":"https:\/\/misideas.net\/index.php?rest_route=\/wp\/v2\/posts"}],"about":[{"href":"https:\/\/misideas.net\/index.php?rest_route=\/wp\/v2\/types\/post"}],"author":[{"embeddable":true,"href":"https:\/\/misideas.net\/index.php?rest_route=\/wp\/v2\/users\/3"}],"replies":[{"embeddable":true,"href":"https:\/\/misideas.net\/index.php?rest_route=%2Fwp%2Fv2%2Fcomments&post=1005"}],"version-history":[{"count":3,"href":"https:\/\/misideas.net\/index.php?rest_route=\/wp\/v2\/posts\/1005\/revisions"}],"predecessor-version":[{"id":1528,"href":"https:\/\/misideas.net\/index.php?rest_route=\/wp\/v2\/posts\/1005\/revisions\/1528"}],"wp:attachment":[{"href":"https:\/\/misideas.net\/index.php?rest_route=%2Fwp%2Fv2%2Fmedia&parent=1005"}],"wp:term":[{"taxonomy":"category","embeddable":true,"href":"https:\/\/misideas.net\/index.php?rest_route=%2Fwp%2Fv2%2Fcategories&post=1005"},{"taxonomy":"post_tag","embeddable":true,"href":"https:\/\/misideas.net\/index.php?rest_route=%2Fwp%2Fv2%2Ftags&post=1005"}],"curies":[{"name":"wp","href":"https:\/\/api.w.org\/{rel}","templated":true}]}}