{"id":1,"date":"2012-12-18T18:15:42","date_gmt":"2012-12-18T18:15:42","guid":{"rendered":"http:\/\/quinonez.us\/?p=1"},"modified":"2013-04-18T18:36:03","modified_gmt":"2013-04-19T01:36:03","slug":"hello-world","status":"publish","type":"post","link":"https:\/\/misideas.net\/?p=1","title":{"rendered":"Under Maintenance &#8211; Estem fent un manteniment a la web"},"content":{"rendered":"<p>El <strong>Casal dels Catalans de Calif\u00f2rnia<\/strong> \u00e9s una associaci\u00f3 social i cultural sense \u00e0nim de lucre. El seu objectiu principal \u00e9s ser el punt de contacte per a tots aquells catalans i simpatitzants que viuen al sud de Calif\u00f2rnia, en una \u00e0mplia zona centrada al voltant de Los Angeles. El Casal tamb\u00e9 t\u00e9 com a objectiu promocionar i divulgar la llengua i cultura catalanes.<\/p>\n<p>El Casal va ser fundat al 1983 i \u00e9s l\u2019associaci\u00f3 m\u00e9s antiga d\u2019aquest tipus a l\u2019oest dels Estats Units. Lamentablement, el Casal no t\u00e9 seu pr\u00f2pia, per\u00f2 ens reunim peri\u00f2dicament a l\u2019hist\u00f2ric Rancho Dom\u00ednguez, 18127 Alameda, Rancho Dom\u00ednguez, Ca. 90220, on cada primer diumenge de mes fem les reunions del Consell, i on tamb\u00e9 celebrem els nostres tradicionals aplecs i festes: l\u2019Aplec de Primavera, l\u2019Aplec de Tardor i la Festa de Nadal. Tothom \u00e9s benvingut a assistir-hi! En els aplecs ballem sardanes, fem jocs per la mainada, fem demostracions de com cuinar una paella i despr\u00e9s, gaudim menjant-nos-la.<\/p>\n<p>Els nostres membres reben una revista biling\u00fce, el Butllet\u00ed, publicat tres vegades a l\u2019any, i compta amb not\u00edcies de les nostres activitats i altres articles d\u2019inter\u00e8s per la comunitat catalana. Tamb\u00e9 oferim classes de catal\u00e0 a Los Angeles i Orange County, i amb la supervisi\u00f3 dels pares, els nens del Cau es reuneixen peri\u00f2dicament per fer classes, tallers de diferents tipus i sortides. Tamb\u00e9 patrocinem, de tant en tant, recitals de m\u00fasica, confer\u00e8ncies i exposicions a diferents indrets.<\/p>\n<p>Fem tot aix\u00f2 gr\u00e0cies a l\u2019esfor\u00e7, la devoci\u00f3, la voluntarietat i la generositat dels membres del Casal. Sumeu-vos-hi, si us plau!<\/p>\n<p>El nostre email \u00e9s info@casalcalifornia.org<\/p>\n<style><!--\n\/* Font Definitions *\/ @font-face \t{font-family:Arial; \tpanose-1:2 11 6 4 2 2 2 2 2 4; \tmso-font-charset:0; \tmso-generic-font-family:auto; \tmso-font-pitch:variable; \tmso-font-signature:-536859905 -1073711037 9 0 511 0;} @font-face \t{font-family:Times; \tpanose-1:2 0 5 0 0 0 0 0 0 0; \tmso-font-charset:0; \tmso-generic-font-family:auto; \tmso-font-pitch:variable; \tmso-font-signature:3 0 0 0 1 0;} @font-face \t{font-family:Times; \tpanose-1:2 0 5 0 0 0 0 0 0 0; \tmso-font-charset:0; \tmso-generic-font-family:auto; \tmso-font-pitch:variable; \tmso-font-signature:3 0 0 0 1 0;}  \/* Style Definitions *\/ p.MsoNormal, li.MsoNormal, div.MsoNormal \t{mso-style-unhide:no; \tmso-style-qformat:yes; \tmso-style-parent:\"\"; \tmargin:0in; \tmargin-bottom:.0001pt; \tmso-pagination:widow-orphan; \tfont-size:12.0pt; \tmso-bidi-font-size:10.0pt; \tfont-family:Times; \tmso-fareast-font-family:Times; \tmso-bidi-font-family:\"Times New Roman\"; \tmso-ansi-language:CA;} .MsoChpDefault \t{mso-style-type:export-only; \tmso-default-props:yes; \tfont-size:10.0pt; \tmso-ansi-font-size:10.0pt; \tmso-bidi-font-size:10.0pt; \tfont-family:Times; \tmso-ascii-font-family:Times; \tmso-fareast-font-family:Times; \tmso-hansi-font-family:Times;} @page WordSection1 \t{size:8.5in 11.0in; \tmargin:1.0in 1.25in 1.0in 1.25in; \tmso-header-margin:.5in; \tmso-footer-margin:.5in; \tmso-paper-source:0;} div.WordSection1 \t{page:WordSection1;}\n--><\/style>\n","protected":false},"excerpt":{"rendered":"<p>El Casal dels Catalans de Calif\u00f2rnia \u00e9s una associaci\u00f3 social i cultural sense \u00e0nim de lucre. El seu objectiu principal \u00e9s ser el punt de contacte per a tots aquells catalans i simpatitzants que viuen al sud de Calif\u00f2rnia, en &hellip; <a href=\"https:\/\/misideas.net\/?p=1\">Continue reading <span class=\"meta-nav\">&rarr;<\/span><\/a><\/p>\n","protected":false},"author":1,"featured_media":0,"comment_status":"open","ping_status":"open","sticky":false,"template":"","format":"standard","meta":{"footnotes":""},"categories":[14],"tags":[],"class_list":["post-1","post","type-post","status-publish","format-standard","hentry","category-14"],"_links":{"self":[{"href":"https:\/\/misideas.net\/index.php?rest_route=\/wp\/v2\/posts\/1","targetHints":{"allow":["GET"]}}],"collection":[{"href":"https:\/\/misideas.net\/index.php?rest_route=\/wp\/v2\/posts"}],"about":[{"href":"https:\/\/misideas.net\/index.php?rest_route=\/wp\/v2\/types\/post"}],"author":[{"embeddable":true,"href":"https:\/\/misideas.net\/index.php?rest_route=\/wp\/v2\/users\/1"}],"replies":[{"embeddable":true,"href":"https:\/\/misideas.net\/index.php?rest_route=%2Fwp%2Fv2%2Fcomments&post=1"}],"version-history":[{"count":3,"href":"https:\/\/misideas.net\/index.php?rest_route=\/wp\/v2\/posts\/1\/revisions"}],"predecessor-version":[{"id":9,"href":"https:\/\/misideas.net\/index.php?rest_route=\/wp\/v2\/posts\/1\/revisions\/9"}],"wp:attachment":[{"href":"https:\/\/misideas.net\/index.php?rest_route=%2Fwp%2Fv2%2Fmedia&parent=1"}],"wp:term":[{"taxonomy":"category","embeddable":true,"href":"https:\/\/misideas.net\/index.php?rest_route=%2Fwp%2Fv2%2Fcategories&post=1"},{"taxonomy":"post_tag","embeddable":true,"href":"https:\/\/misideas.net\/index.php?rest_route=%2Fwp%2Fv2%2Ftags&post=1"}],"curies":[{"name":"wp","href":"https:\/\/api.w.org\/{rel}","templated":true}]}}